{"id":200697,"date":"2020-12-29T20:05:56","date_gmt":"2020-12-29T23:05:56","guid":{"rendered":"https:\/\/www.redenoticia.com.br\/noticia\/?p=200697"},"modified":"2020-12-30T05:43:35","modified_gmt":"2020-12-30T08:43:35","slug":"mega-da-virada-ja-teve-ganhador-em-criciuma-sc","status":"publish","type":"post","link":"https:\/\/migracao.redenoticia.com.br\/noticia\/2020\/mega-da-virada-ja-teve-ganhador-em-criciuma-sc\/200697","title":{"rendered":"&#8220;Mega da Virada&#8221; j\u00e1 teve ganhador em Crici\u00fama\/SC"},"content":{"rendered":"<p><img loading=\"lazy\" decoding=\"async\" src=\"https:\/\/migracao.redenoticia.com.br\/noticia\/imagens\/mega-da-virada-resultado-premio-sorteio.jpg\" alt=\"\" width=\"1280\" height=\"720\" class=\"aligncenter size-full wp-image-200276\" srcset=\"https:\/\/migracao.redenoticia.com.br\/noticia\/imagens\/mega-da-virada-resultado-premio-sorteio.jpg 1280w, https:\/\/migracao.redenoticia.com.br\/noticia\/imagens\/mega-da-virada-resultado-premio-sorteio-250x140.jpg 250w, https:\/\/migracao.redenoticia.com.br\/noticia\/imagens\/mega-da-virada-resultado-premio-sorteio-400x225.jpg 400w, https:\/\/migracao.redenoticia.com.br\/noticia\/imagens\/mega-da-virada-resultado-premio-sorteio-768x432.jpg 768w, https:\/\/migracao.redenoticia.com.br\/noticia\/imagens\/mega-da-virada-resultado-premio-sorteio-150x85.jpg 150w\" sizes=\"auto, (max-width: 1280px) 100vw, 1280px\" \/><\/p>\n<p>O resultado do sorteio da <strong><em>&#8220;Mega da Virada&#8221;<\/em><\/strong>, no ano passado, apontou quatro apostas premiadas. Uma delas foi de Crici\u00fama\/SC, que ficou com o pr\u00eamio de R$ 76.053.459,66. As dezenas sorteadas foram: 03, 35, 38, 40, 57, 58. Os outros ganhadores sortudos foram dois de S\u00e3o Paulo\/SP e um de Juscimeira\/MT. Os 1.031 apostadores que acertaram cinco n\u00fameros ganharam 57.537,06. Os 77.055 apostadores que acertaram quatro n\u00fameros ganharam 1.099,78. <\/p>\n<p>Desde segunda-feira (16\/11), come\u00e7aram as apostas para a &#8220;Mega da Virada&#8221;, concurso especial da Mega-Sena de n\u00famero 2330. O pr\u00eamio estimado, nesta edi\u00e7\u00e3o, \u00e9 de R $ 300 milh\u00f5es e o sorteio ser\u00e1 realizado no dia 31 de dezembro.<\/p>\n<p>Como nos demais concursos especiais, o pr\u00eamio principal da &#8220;Mega da Virada&#8221; n\u00e3o acumula. Se n\u00e3o houver ganhadores na faixa principal, com o acerto de 6 n\u00fameros, o pr\u00eamio ser\u00e1 dividido entre os acertadores da 2\u00aa faixa (com o acerto de 5 n\u00fameros) e assim por diante.<\/p>\n<p>Caso apenas um ganhador leve o pr\u00eamio da &#8220;Mega da Virada&#8221; e aplique todo o valor na Poupan\u00e7a, receber\u00e1 mais de R $ 347 mil mensais. O dinheiro do pr\u00eamio \u00e9 suficiente para comprar 42 iates sem valor de R $ 7 milh\u00f5es, cada.<\/p>\n","protected":false},"excerpt":{"rendered":"<p>O resultado do sorteio da &#8220;Mega da Virada&#8221;, no ano passado, apontou quatro apostas premiadas. Uma delas foi de Crici\u00fama\/SC, que ficou com o pr\u00eamio de R$ 76.053.459,66. As dezenas sorteadas foram: 03, 35, 38, 40, 57, 58. Os outros ganhadores sortudos foram dois de S\u00e3o Paulo\/SP e um de Juscimeira\/MT. Os 1.031 apostadores que [&hellip;]<\/p>\n","protected":false},"author":2,"featured_media":194757,"comment_status":"closed","ping_status":"closed","sticky":false,"template":"","format":"standard","meta":{"tdm_status":"","tdm_grid_status":"","footnotes":""},"categories":[22,335,2101,355],"tags":[476,445,531],"class_list":{"0":"post-200697","1":"post","2":"type-post","3":"status-publish","4":"format-standard","5":"has-post-thumbnail","7":"category-brasil","8":"category-loteria","9":"category-mega-da-virada","10":"category-mega-sena","11":"tag-loteria","12":"tag-mega-sena","13":"tag-numeros-sorteados"},"_links":{"self":[{"href":"https:\/\/migracao.redenoticia.com.br\/noticia\/wp-json\/wp\/v2\/posts\/200697","targetHints":{"allow":["GET"]}}],"collection":[{"href":"https:\/\/migracao.redenoticia.com.br\/noticia\/wp-json\/wp\/v2\/posts"}],"about":[{"href":"https:\/\/migracao.redenoticia.com.br\/noticia\/wp-json\/wp\/v2\/types\/post"}],"author":[{"embeddable":true,"href":"https:\/\/migracao.redenoticia.com.br\/noticia\/wp-json\/wp\/v2\/users\/2"}],"replies":[{"embeddable":true,"href":"https:\/\/migracao.redenoticia.com.br\/noticia\/wp-json\/wp\/v2\/comments?post=200697"}],"version-history":[{"count":0,"href":"https:\/\/migracao.redenoticia.com.br\/noticia\/wp-json\/wp\/v2\/posts\/200697\/revisions"}],"wp:featuredmedia":[{"embeddable":true,"href":"https:\/\/migracao.redenoticia.com.br\/noticia\/wp-json\/wp\/v2\/media\/194757"}],"wp:attachment":[{"href":"https:\/\/migracao.redenoticia.com.br\/noticia\/wp-json\/wp\/v2\/media?parent=200697"}],"wp:term":[{"taxonomy":"category","embeddable":true,"href":"https:\/\/migracao.redenoticia.com.br\/noticia\/wp-json\/wp\/v2\/categories?post=200697"},{"taxonomy":"post_tag","embeddable":true,"href":"https:\/\/migracao.redenoticia.com.br\/noticia\/wp-json\/wp\/v2\/tags?post=200697"}],"curies":[{"name":"wp","href":"https:\/\/api.w.org\/{rel}","templated":true}]}}