{"id":200716,"date":"2020-11-23T22:34:58","date_gmt":"2020-11-24T01:34:58","guid":{"rendered":"https:\/\/www.redenoticia.com.br\/noticia\/?p=200716"},"modified":"2020-11-23T22:34:58","modified_gmt":"2020-11-24T01:34:58","slug":"resumo-cumplices-de-um-resgate-24-11-regina-e-desmascarada","status":"publish","type":"post","link":"https:\/\/migracao.redenoticia.com.br\/noticia\/2020\/resumo-cumplices-de-um-resgate-24-11-regina-e-desmascarada\/200716","title":{"rendered":"Resumo \u201cC\u00famplices de um Resgate\u201d 24\/11: Regina \u00e9 desmascarada"},"content":{"rendered":"<p> <img loading=\"lazy\" decoding=\"async\" class=\"aligncenter size-full wp-image-195896\" src=\"https:\/\/migracao.redenoticia.com.br\/noticia\/imagens\/cumplices-de-um-resgate-resumo-sinopse-elenco.jpg\" alt=\"\" width=\"1280\" height=\"720\" srcset=\"https:\/\/migracao.redenoticia.com.br\/noticia\/imagens\/cumplices-de-um-resgate-resumo-sinopse-elenco.jpg 1280w, https:\/\/migracao.redenoticia.com.br\/noticia\/imagens\/cumplices-de-um-resgate-resumo-sinopse-elenco-250x140.jpg 250w, https:\/\/migracao.redenoticia.com.br\/noticia\/imagens\/cumplices-de-um-resgate-resumo-sinopse-elenco-400x225.jpg 400w, https:\/\/migracao.redenoticia.com.br\/noticia\/imagens\/cumplices-de-um-resgate-resumo-sinopse-elenco-768x432.jpg 768w, https:\/\/migracao.redenoticia.com.br\/noticia\/imagens\/cumplices-de-um-resgate-resumo-sinopse-elenco-150x85.jpg 150w, https:\/\/migracao.redenoticia.com.br\/noticia\/imagens\/cumplices-de-um-resgate-resumo-sinopse-elenco-696x392.jpg 696w, https:\/\/migracao.redenoticia.com.br\/noticia\/imagens\/cumplices-de-um-resgate-resumo-sinopse-elenco-1068x601.jpg 1068w\" sizes=\"auto, (max-width: 1280px) 100vw, 1280px\" \/><\/p>\n<p><strong><em>Resumo da novela \u201cC\u00famplices de um Resgate\u201d em 24\/11<\/em><\/strong>: no cap\u00edtulo 490(*) da novela, Andr\u00e9 Vasco segue no comando da grande final do programa que \u00e9 um concurso de bandas. Manuela e Seus Amigos se apresentam no palco do teatro da atra\u00e7\u00e3o ao lado de Manteiguinha. D\u00f3ris \u00e9 aplaudida ao pedir para que as pessoas respeitem os animais, pois eles possuem sentimentos. Nos bastidores, Manuela pede desculpa para Joaquim e o beija na boca. Andr\u00e9 Vasco chama ao palco os C\u00famplices de Um Resgate. Isabela agradece Frederico pelos figurinos e pede para que as pessoas n\u00e3o desistam de seus sonhos, assim como ela n\u00e3o desistiu de tentar cantar. A banda est\u00e1 preocupada por estar sem o tecladista, pois Sabrina n\u00e3o compareceu na grava\u00e7\u00e3o. <\/p>\n<p>Paola amea\u00e7a Andr\u00e9 e diz que sabe que foi ele quem chamou a pol\u00edcia para sua casa e que se ele n\u00e3o se cuidar ela pode perder a paci\u00eancia. Andr\u00e9 sobe ao palco e se junta ao C1R, que est\u00e1 sem baixista. Enquanto isso, Sandro n\u00e3o \u00e9 preso no julgamento. No final do \u201cShow de Bandas\u201d, antes do resultado do vencedor, a Insanos, C1R e Manuela e Seus Amigos se apresentam juntos no palco do programa com a m\u00fasica \u201cN\u00f3s Vamos Invadir Sua Praia\u201d. A banda Manuela e Seus Amigos fica com o segundo lugar do concurso. C1R ganha a edi\u00e7\u00e3o do programa. No palco, Paola (que na verdade \u00e9 Regina) surta com o resultado da premia\u00e7\u00e3o, diz que tudo \u00e9 um absurdo e vai para cima de Isabela. \u201c\u00c9 a Regina\u201d, grita Isabela ao ver que a peruca de Regina caiu no ch\u00e3o. Com a sua verdadeira identidade, Regina ri de maneira mal\u00e9vola no palco.<\/p>\n<p>(*) edi\u00e7\u00e3o das novelas do SBT, \u201cC\u00famplices de um Resgate\u201d, sujeito a altera\u00e7\u00e3o de data e conte\u00fado.<\/p>\n<p>Sinopse \u201cC\u00famplices de um Resgate\u201d: Duas irm\u00e3s g\u00eameas univitelinas que foram separadas ap\u00f3s nascimento, se reencontram somente ap\u00f3s doze anos. Manuela, uma das g\u00eameas, \u00e9 doce, meiga, gentil, e muito talentosa para a m\u00fasica e tem uma voz encantadora. Vive uma vida feliz no Vilarejo dos Sonhos, onde mora com sua av\u00f3 Nina, sua tia Helena e sua m\u00e3e Rebeca, que d\u00e1 muito amor e carinho a filha por ela nunca ter tido um pai, e ela \u00e9 a m\u00e3e biol\u00f3gica das duas garotas, mas nunca soube que teve g\u00eameas.<\/p>\n","protected":false},"excerpt":{"rendered":"<p>Resumo da novela \u201cC\u00famplices de um Resgate\u201d em 24\/11: no cap\u00edtulo 490(*) da novela, Andr\u00e9 Vasco segue no comando da grande final do programa que \u00e9 um concurso de bandas. Manuela e Seus Amigos se apresentam no palco do teatro da atra\u00e7\u00e3o ao lado de Manteiguinha. D\u00f3ris \u00e9 aplaudida ao pedir para que as pessoas [&hellip;]<\/p>\n","protected":false},"author":2,"featured_media":195895,"comment_status":"closed","ping_status":"closed","sticky":false,"template":"","format":"standard","meta":{"tdm_status":"","tdm_grid_status":"","footnotes":""},"categories":[379,2025,372,343],"tags":[441],"class_list":{"0":"post-200716","1":"post","2":"type-post","3":"status-publish","4":"format-standard","5":"has-post-thumbnail","7":"category-novelas","8":"category-resumo","9":"category-sbt","10":"category-televisao","11":"tag-resumo-do-dia"},"_links":{"self":[{"href":"https:\/\/migracao.redenoticia.com.br\/noticia\/wp-json\/wp\/v2\/posts\/200716","targetHints":{"allow":["GET"]}}],"collection":[{"href":"https:\/\/migracao.redenoticia.com.br\/noticia\/wp-json\/wp\/v2\/posts"}],"about":[{"href":"https:\/\/migracao.redenoticia.com.br\/noticia\/wp-json\/wp\/v2\/types\/post"}],"author":[{"embeddable":true,"href":"https:\/\/migracao.redenoticia.com.br\/noticia\/wp-json\/wp\/v2\/users\/2"}],"replies":[{"embeddable":true,"href":"https:\/\/migracao.redenoticia.com.br\/noticia\/wp-json\/wp\/v2\/comments?post=200716"}],"version-history":[{"count":0,"href":"https:\/\/migracao.redenoticia.com.br\/noticia\/wp-json\/wp\/v2\/posts\/200716\/revisions"}],"wp:featuredmedia":[{"embeddable":true,"href":"https:\/\/migracao.redenoticia.com.br\/noticia\/wp-json\/wp\/v2\/media\/195895"}],"wp:attachment":[{"href":"https:\/\/migracao.redenoticia.com.br\/noticia\/wp-json\/wp\/v2\/media?parent=200716"}],"wp:term":[{"taxonomy":"category","embeddable":true,"href":"https:\/\/migracao.redenoticia.com.br\/noticia\/wp-json\/wp\/v2\/categories?post=200716"},{"taxonomy":"post_tag","embeddable":true,"href":"https:\/\/migracao.redenoticia.com.br\/noticia\/wp-json\/wp\/v2\/tags?post=200716"}],"curies":[{"name":"wp","href":"https:\/\/api.w.org\/{rel}","templated":true}]}}