{"id":200739,"date":"2020-11-24T07:33:20","date_gmt":"2020-11-24T10:33:20","guid":{"rendered":"https:\/\/www.redenoticia.com.br\/noticia\/?p=200739"},"modified":"2020-11-24T07:33:35","modified_gmt":"2020-11-24T10:33:35","slug":"novela-quando-me-apaixono-jeronimo-captura-fina","status":"publish","type":"post","link":"https:\/\/migracao.redenoticia.com.br\/noticia\/2020\/novela-quando-me-apaixono-jeronimo-captura-fina\/200739","title":{"rendered":"Novela &#8220;Quando Me Apaixono&#8221;: Jer\u00f4nimo captura Fina"},"content":{"rendered":"<p><img loading=\"lazy\" decoding=\"async\" class=\"aligncenter size-full wp-image-195893\" src=\"https:\/\/migracao.redenoticia.com.br\/noticia\/imagens\/Quando-me-Apaixono-resumo-novela.jpg\" alt=\"\" width=\"1280\" height=\"720\" srcset=\"https:\/\/migracao.redenoticia.com.br\/noticia\/imagens\/Quando-me-Apaixono-resumo-novela.jpg 1280w, https:\/\/migracao.redenoticia.com.br\/noticia\/imagens\/Quando-me-Apaixono-resumo-novela-250x140.jpg 250w, https:\/\/migracao.redenoticia.com.br\/noticia\/imagens\/Quando-me-Apaixono-resumo-novela-400x225.jpg 400w, https:\/\/migracao.redenoticia.com.br\/noticia\/imagens\/Quando-me-Apaixono-resumo-novela-768x432.jpg 768w, https:\/\/migracao.redenoticia.com.br\/noticia\/imagens\/Quando-me-Apaixono-resumo-novela-150x85.jpg 150w, https:\/\/migracao.redenoticia.com.br\/noticia\/imagens\/Quando-me-Apaixono-resumo-novela-696x392.jpg 696w, https:\/\/migracao.redenoticia.com.br\/noticia\/imagens\/Quando-me-Apaixono-resumo-novela-1068x601.jpg 1068w\" sizes=\"auto, (max-width: 1280px) 100vw, 1280px\" \/><\/p>\n<p>Na novela <strong><em>&#8220;Quando Me Apaixono&#8221;<\/em><\/strong>, Regina e Gonzalo se casam. Os convidados aplaudem e os rec\u00e9m-casados se beijam. Fina, disfar\u00e7ada de freira, se aproxima e grita: &#8220;Essa \u00e9 a \u00faltima vez que voc\u00ea o beija, vadia!&#8221; Fina atira em Gon\u00e7alo e Regina, amea\u00e7a o taxista e foge. Jeronimo e Hon\u00f3rio perseguem o t\u00e1xi. Fina cutuca o taxista com sua arma, pedindo-lhe que se apresse! Adriana chama duas ambul\u00e2ncias. Roberta parece realmente atingida por essa reviravolta. Fina sai do taxi e come\u00e7a a atirar em Jeronimo e Hon\u00f3rio. Ela fica sem muni\u00e7\u00e3o. Jeronimo a captura e consegue segur\u00e1-la at\u00e9 a chegada da pol\u00edcia.<\/p>\n<p>As v\u00edtimas de Fina s\u00e3o colocadas nas ambul\u00e2ncias. Renata fica repetindo: \u201cEles n\u00e3o v\u00e3o morrer. Eles n\u00e3o v\u00e3o morrer.\u201d Jeronimo liga para Renata e diz que capturou Fina. Renata diz que Gon\u00e7alo e Regina est\u00e3o na sala de cirurgia, mas Gon\u00e7alo est\u00e1 muito pior. Fina \u00e9 levada presa para a delegacia.<\/p>\n<p>Os resumos dos cap\u00edtulos da novela &#8220;Quando Me Apaixono&#8221; destacam estas cenas para o m\u00eas de novembro.<\/p>\n<p>Sinopse Novela &#8220;Quando Me Apaixono&#8221;: conta a hist\u00f3ria de Renata e Jer\u00f4nimo. Um amor sincero e profundo condenado ao sofrimento pelo rancor e a vingan\u00e7a de um \u00f3dio implac\u00e1vel provocado por uma terr\u00edvel mentira. Tudo come\u00e7a com o nascimento de duas meninas. Ambas s\u00e3o filhas de Roberto, mas, de m\u00e3es diferentes. Enquanto Regina (Renata) \u00e9 filha de Regina, a esposa leg\u00edtima de Roberto. J\u00e1 Roberta, \u00e9 filha de Josefina, a amante do rapaz. Elas nascem no mesmo dia e quando Roberto diz a Josefina que n\u00e3o pretende abandonar a esposa e assumir um relecionamento com ela, provoca o \u00f3dio e o sentimento de vingan\u00e7a da amante.<\/p>\n<p>Um ano depois, na festa de anivers\u00e1rio de Regina, Josefina surge de surpresa e revela diante de todos os convidados, que a crian\u00e7a que est\u00e1 em seus bra\u00e7os \u00e9 filha de Roberto. Ap\u00f3s Josefina provocar a morte acidental de Roberto, ela rouba a filha leg\u00edtima do rapaz e troca o nome da menina para Renata, criando-a como se fosse sua filha e irm\u00e3 g\u00eamea de Roberta. Tudo isso para reivindicar a heran\u00e7a deixada pelo pai das crian\u00e7as.<\/p>\n","protected":false},"excerpt":{"rendered":"<p>Na novela &#8220;Quando Me Apaixono&#8221;, Regina e Gonzalo se casam. Os convidados aplaudem e os rec\u00e9m-casados se beijam. Fina, disfar\u00e7ada de freira, se aproxima e grita: &#8220;Essa \u00e9 a \u00faltima vez que voc\u00ea o beija, vadia!&#8221; Fina atira em Gon\u00e7alo e Regina, amea\u00e7a o taxista e foge. Jeronimo e Hon\u00f3rio perseguem o t\u00e1xi. Fina cutuca [&hellip;]<\/p>\n","protected":false},"author":2,"featured_media":196445,"comment_status":"closed","ping_status":"closed","sticky":false,"template":"","format":"standard","meta":{"tdm_status":"","tdm_grid_status":"","footnotes":""},"categories":[379,2028,372,343],"tags":[440],"class_list":{"0":"post-200739","1":"post","2":"type-post","3":"status-publish","4":"format-standard","5":"has-post-thumbnail","7":"category-novelas","8":"category-quando-me-apaixono","9":"category-sbt","10":"category-televisao","11":"tag-noticia-novela"},"_links":{"self":[{"href":"https:\/\/migracao.redenoticia.com.br\/noticia\/wp-json\/wp\/v2\/posts\/200739","targetHints":{"allow":["GET"]}}],"collection":[{"href":"https:\/\/migracao.redenoticia.com.br\/noticia\/wp-json\/wp\/v2\/posts"}],"about":[{"href":"https:\/\/migracao.redenoticia.com.br\/noticia\/wp-json\/wp\/v2\/types\/post"}],"author":[{"embeddable":true,"href":"https:\/\/migracao.redenoticia.com.br\/noticia\/wp-json\/wp\/v2\/users\/2"}],"replies":[{"embeddable":true,"href":"https:\/\/migracao.redenoticia.com.br\/noticia\/wp-json\/wp\/v2\/comments?post=200739"}],"version-history":[{"count":0,"href":"https:\/\/migracao.redenoticia.com.br\/noticia\/wp-json\/wp\/v2\/posts\/200739\/revisions"}],"wp:featuredmedia":[{"embeddable":true,"href":"https:\/\/migracao.redenoticia.com.br\/noticia\/wp-json\/wp\/v2\/media\/196445"}],"wp:attachment":[{"href":"https:\/\/migracao.redenoticia.com.br\/noticia\/wp-json\/wp\/v2\/media?parent=200739"}],"wp:term":[{"taxonomy":"category","embeddable":true,"href":"https:\/\/migracao.redenoticia.com.br\/noticia\/wp-json\/wp\/v2\/categories?post=200739"},{"taxonomy":"post_tag","embeddable":true,"href":"https:\/\/migracao.redenoticia.com.br\/noticia\/wp-json\/wp\/v2\/tags?post=200739"}],"curies":[{"name":"wp","href":"https:\/\/api.w.org\/{rel}","templated":true}]}}