{"id":200744,"date":"2020-11-24T12:17:42","date_gmt":"2020-11-24T15:17:42","guid":{"rendered":"https:\/\/www.redenoticia.com.br\/noticia\/?p=200744"},"modified":"2020-11-24T12:17:42","modified_gmt":"2020-11-24T15:17:42","slug":"resumo-quando-me-apaixono-25-11-jeronimo-e-matias-retomam-a-amizade","status":"publish","type":"post","link":"https:\/\/migracao.redenoticia.com.br\/noticia\/2020\/resumo-quando-me-apaixono-25-11-jeronimo-e-matias-retomam-a-amizade\/200744","title":{"rendered":"Resumo \u201cQuando me Apaixono\u201d 25\/11: Jer\u00f4nimo e Matias retomam a amizade"},"content":{"rendered":"<p><img loading=\"lazy\" decoding=\"async\" class=\"aligncenter size-full wp-image-195889\" src=\"https:\/\/migracao.redenoticia.com.br\/noticia\/imagens\/quando-me-apaixono-elenco.jpg\" alt=\"\" width=\"1280\" height=\"720\" srcset=\"https:\/\/migracao.redenoticia.com.br\/noticia\/imagens\/quando-me-apaixono-elenco.jpg 1280w, https:\/\/migracao.redenoticia.com.br\/noticia\/imagens\/quando-me-apaixono-elenco-250x140.jpg 250w, https:\/\/migracao.redenoticia.com.br\/noticia\/imagens\/quando-me-apaixono-elenco-400x225.jpg 400w, https:\/\/migracao.redenoticia.com.br\/noticia\/imagens\/quando-me-apaixono-elenco-768x432.jpg 768w, https:\/\/migracao.redenoticia.com.br\/noticia\/imagens\/quando-me-apaixono-elenco-150x85.jpg 150w, https:\/\/migracao.redenoticia.com.br\/noticia\/imagens\/quando-me-apaixono-elenco-696x392.jpg 696w, https:\/\/migracao.redenoticia.com.br\/noticia\/imagens\/quando-me-apaixono-elenco-1068x601.jpg 1068w\" sizes=\"auto, (max-width: 1280px) 100vw, 1280px\" \/><\/p>\n<p><strong><em>Resumo da novela \u201cQuando me Apaixono\u201d<\/em><\/strong> em 25\/11: no cap\u00edtulo 093(*) da novela, Matias chega ao hospital e, ao ver Renata e Jer\u00f4nimo juntos, decide falar com eles para acertar as coisas. Os dois amigos decidem proteger a jovem juntos e se abra\u00e7am. Josefina liga para o hospital para saber como est\u00e1 a filha, Gon\u00e7alo atende e a enfrenta. Jer\u00f4nimo e Renata est\u00e3o muito pr\u00f3ximos no hospital, enquanto Augusto discute com ela porque ela lhe fez uma cena de ci\u00fame. Por sua vez, Fina muda seu visual para visitar Roberta no hospital.<\/p>\n<p>(*) edi\u00e7\u00e3o das novelas do SBT, \u201cQuando me Apaixono \u201d, sujeito a altera\u00e7\u00e3o de data e conte\u00fado.<\/p>\n<p>Sinopse \u201cQuando me Apaixono\u201d: A hist\u00f3ria come\u00e7a com o nascimento de duas meninas, Regina e Roberta; ambas s\u00e3o filhas de Roberto Gamba (Sebasti\u00e1n Rulli), mas de m\u00e3es diferentes. Enquanto Regina \u00e9 filha de Regina Sober\u00f3n Gamba (Lidia \u00c1vila\/Julieta Rosen), a esposa leg\u00edtima de Roberto, Roberta \u00e9 filha de Josefina &#8220;Pepa&#8221; \u00c1lvarez Mart\u00ednez (Margarita Maga\u00f1a\/Roc\u00edo Banquells), a amante de Roberto.<\/p>\n<p>Quando Roberto diz a Pepa que n\u00e3o vai deixar sua esposa e sua filha Regina, aquela, cheia de raiva depois de causar a morte de Roberto, decide raptar a filha de Regina para se vingar dela e faz\u00ea-la sofrer. Pepa muda o nome de Regina para Renata e foge com as duas meninas, deixando Regina despeda\u00e7ada pela perda de sua filha.<\/p>\n","protected":false},"excerpt":{"rendered":"<p>Resumo da novela \u201cQuando me Apaixono\u201d em 25\/11: no cap\u00edtulo 093(*) da novela, Matias chega ao hospital e, ao ver Renata e Jer\u00f4nimo juntos, decide falar com eles para acertar as coisas. Os dois amigos decidem proteger a jovem juntos e se abra\u00e7am. Josefina liga para o hospital para saber como est\u00e1 a filha, Gon\u00e7alo [&hellip;]<\/p>\n","protected":false},"author":4,"featured_media":195893,"comment_status":"closed","ping_status":"closed","sticky":false,"template":"","format":"standard","meta":{"tdm_status":"","tdm_grid_status":"","footnotes":""},"categories":[379,2028,2025,372,343],"tags":[441],"class_list":{"0":"post-200744","1":"post","2":"type-post","3":"status-publish","4":"format-standard","5":"has-post-thumbnail","7":"category-novelas","8":"category-quando-me-apaixono","9":"category-resumo","10":"category-sbt","11":"category-televisao","12":"tag-resumo-do-dia"},"_links":{"self":[{"href":"https:\/\/migracao.redenoticia.com.br\/noticia\/wp-json\/wp\/v2\/posts\/200744","targetHints":{"allow":["GET"]}}],"collection":[{"href":"https:\/\/migracao.redenoticia.com.br\/noticia\/wp-json\/wp\/v2\/posts"}],"about":[{"href":"https:\/\/migracao.redenoticia.com.br\/noticia\/wp-json\/wp\/v2\/types\/post"}],"author":[{"embeddable":true,"href":"https:\/\/migracao.redenoticia.com.br\/noticia\/wp-json\/wp\/v2\/users\/4"}],"replies":[{"embeddable":true,"href":"https:\/\/migracao.redenoticia.com.br\/noticia\/wp-json\/wp\/v2\/comments?post=200744"}],"version-history":[{"count":0,"href":"https:\/\/migracao.redenoticia.com.br\/noticia\/wp-json\/wp\/v2\/posts\/200744\/revisions"}],"wp:featuredmedia":[{"embeddable":true,"href":"https:\/\/migracao.redenoticia.com.br\/noticia\/wp-json\/wp\/v2\/media\/195893"}],"wp:attachment":[{"href":"https:\/\/migracao.redenoticia.com.br\/noticia\/wp-json\/wp\/v2\/media?parent=200744"}],"wp:term":[{"taxonomy":"category","embeddable":true,"href":"https:\/\/migracao.redenoticia.com.br\/noticia\/wp-json\/wp\/v2\/categories?post=200744"},{"taxonomy":"post_tag","embeddable":true,"href":"https:\/\/migracao.redenoticia.com.br\/noticia\/wp-json\/wp\/v2\/tags?post=200744"}],"curies":[{"name":"wp","href":"https:\/\/api.w.org\/{rel}","templated":true}]}}