{"id":200786,"date":"2020-11-25T11:55:58","date_gmt":"2020-11-25T14:55:58","guid":{"rendered":"https:\/\/www.redenoticia.com.br\/noticia\/?p=200786"},"modified":"2020-11-25T11:55:58","modified_gmt":"2020-11-25T14:55:58","slug":"resumo-quando-me-apaixono-26-11-aurora-assume-para-augusto-que-estragou-o-vinho","status":"publish","type":"post","link":"https:\/\/migracao.redenoticia.com.br\/noticia\/2020\/resumo-quando-me-apaixono-26-11-aurora-assume-para-augusto-que-estragou-o-vinho\/200786","title":{"rendered":"Resumo \u201cQuando me Apaixono\u201d 26\/11: Aurora assume para Augusto que estragou o vinho"},"content":{"rendered":"<p><img loading=\"lazy\" decoding=\"async\" class=\"aligncenter size-full wp-image-195889\" src=\"https:\/\/migracao.redenoticia.com.br\/noticia\/imagens\/quando-me-apaixono-elenco.jpg\" alt=\"\" width=\"1280\" height=\"720\" srcset=\"https:\/\/migracao.redenoticia.com.br\/noticia\/imagens\/quando-me-apaixono-elenco.jpg 1280w, https:\/\/migracao.redenoticia.com.br\/noticia\/imagens\/quando-me-apaixono-elenco-250x140.jpg 250w, https:\/\/migracao.redenoticia.com.br\/noticia\/imagens\/quando-me-apaixono-elenco-400x225.jpg 400w, https:\/\/migracao.redenoticia.com.br\/noticia\/imagens\/quando-me-apaixono-elenco-768x432.jpg 768w, https:\/\/migracao.redenoticia.com.br\/noticia\/imagens\/quando-me-apaixono-elenco-150x85.jpg 150w, https:\/\/migracao.redenoticia.com.br\/noticia\/imagens\/quando-me-apaixono-elenco-696x392.jpg 696w, https:\/\/migracao.redenoticia.com.br\/noticia\/imagens\/quando-me-apaixono-elenco-1068x601.jpg 1068w\" sizes=\"auto, (max-width: 1280px) 100vw, 1280px\" \/><\/p>\n<p><strong><em>Resumo da novela \u201cQuando me Apaixono\u201d<\/em><\/strong> em 26\/11: no cap\u00edtulo 094(*) da novela, Fina disfar\u00e7ada entra em um t\u00e1xi. Jer\u00f4nimo diz a Regina que ele pensa que Renata \u00e9 sua filha. Renata agradece Gon\u00e7alo por tudo o que est\u00e1 fazendo. Fina pede \u00e0 enfermeira que a deixe ver sua filha. Jer\u00f4nimo quer levar Renata para casa. Regina est\u00e1 feliz por eles terem se reconciliado. Fina consegue ver Roberta, ela a chama de assassina e diz para ela sair. Carlos e Matilde se beijam e ela pergunta sobre a fam\u00edlia dele. A mesma enfermeira que deixou Fina entrar vem avisar que algu\u00e9m entrou no quarto de Roberta.<\/p>\n<p>Jer\u00f4nimo v\u00ea Fina e o t\u00e1xi sai correndo. Marina diz a seu tio que Jer\u00f4nimo est\u00e1 na capital com Renata e sua fam\u00edlia. Renata corre para dizer a Gon\u00e7alo que viu Fina. Augusto recebe uma liga\u00e7\u00e3o de Aurora. Os policiais anotam o depoimento de Roberta. Fina fica perturbada com a forma como Roberta descobriu que ela matou Rafael. Regina e Jer\u00f4nimo falam sobre Fina. Aurora se encontra com Augusto e assume que ela estragou o vinho. Augusto tenta mat\u00e1-la, mas L\u00e1zaro salva a amiga. Regina pergunta a Jer\u00f4nimo se ele vai ficar com Renata, mesmo ela sendo filha da assassina Rafael. Renata ouve e acha que ele n\u00e3o vai am\u00e1-la novamente.<\/p>\n<p>Hon\u00f3rio recebe novamente um telefonema de Branca do hospital psiqui\u00e1trico. Ela est\u00e1 seduzindo o m\u00e9dico que a ajuda a fazer as liga\u00e7\u00f5es. Adriana resolve falar com Matias e diz que ainda n\u00e3o conseguiu romper com C\u00e9sar, mas que o far\u00e1 em breve.<\/p>\n<p>(*) edi\u00e7\u00e3o das novelas do SBT, \u201cQuando me Apaixono \u201d, sujeito a altera\u00e7\u00e3o de data e conte\u00fado.<\/p>\n<p>Sinopse \u201cQuando me Apaixono\u201d: A hist\u00f3ria come\u00e7a com o nascimento de duas meninas, Regina e Roberta; ambas s\u00e3o filhas de Roberto Gamba (Sebasti\u00e1n Rulli), mas de m\u00e3es diferentes. Enquanto Regina \u00e9 filha de Regina Sober\u00f3n Gamba (Lidia \u00c1vila\/Julieta Rosen), a esposa leg\u00edtima de Roberto, Roberta \u00e9 filha de Josefina &#8220;Pepa&#8221; \u00c1lvarez Mart\u00ednez (Margarita Maga\u00f1a\/Roc\u00edo Banquells), a amante de Roberto.<\/p>\n<p>Quando Roberto diz a Pepa que n\u00e3o vai deixar sua esposa e sua filha Regina, aquela, cheia de raiva depois de causar a morte de Roberto, decide raptar a filha de Regina para se vingar dela e faz\u00ea-la sofrer. Pepa muda o nome de Regina para Renata e foge com as duas meninas, deixando Regina despeda\u00e7ada pela perda de sua filha.<\/p>\n","protected":false},"excerpt":{"rendered":"<p>Resumo da novela \u201cQuando me Apaixono\u201d em 26\/11: no cap\u00edtulo 094(*) da novela, Fina disfar\u00e7ada entra em um t\u00e1xi. Jer\u00f4nimo diz a Regina que ele pensa que Renata \u00e9 sua filha. Renata agradece Gon\u00e7alo por tudo o que est\u00e1 fazendo. Fina pede \u00e0 enfermeira que a deixe ver sua filha. Jer\u00f4nimo quer levar Renata para [&hellip;]<\/p>\n","protected":false},"author":4,"featured_media":195893,"comment_status":"closed","ping_status":"closed","sticky":false,"template":"","format":"standard","meta":{"tdm_status":"","tdm_grid_status":"","footnotes":""},"categories":[379,2028,2025,372,343],"tags":[441],"class_list":{"0":"post-200786","1":"post","2":"type-post","3":"status-publish","4":"format-standard","5":"has-post-thumbnail","7":"category-novelas","8":"category-quando-me-apaixono","9":"category-resumo","10":"category-sbt","11":"category-televisao","12":"tag-resumo-do-dia"},"_links":{"self":[{"href":"https:\/\/migracao.redenoticia.com.br\/noticia\/wp-json\/wp\/v2\/posts\/200786","targetHints":{"allow":["GET"]}}],"collection":[{"href":"https:\/\/migracao.redenoticia.com.br\/noticia\/wp-json\/wp\/v2\/posts"}],"about":[{"href":"https:\/\/migracao.redenoticia.com.br\/noticia\/wp-json\/wp\/v2\/types\/post"}],"author":[{"embeddable":true,"href":"https:\/\/migracao.redenoticia.com.br\/noticia\/wp-json\/wp\/v2\/users\/4"}],"replies":[{"embeddable":true,"href":"https:\/\/migracao.redenoticia.com.br\/noticia\/wp-json\/wp\/v2\/comments?post=200786"}],"version-history":[{"count":0,"href":"https:\/\/migracao.redenoticia.com.br\/noticia\/wp-json\/wp\/v2\/posts\/200786\/revisions"}],"wp:featuredmedia":[{"embeddable":true,"href":"https:\/\/migracao.redenoticia.com.br\/noticia\/wp-json\/wp\/v2\/media\/195893"}],"wp:attachment":[{"href":"https:\/\/migracao.redenoticia.com.br\/noticia\/wp-json\/wp\/v2\/media?parent=200786"}],"wp:term":[{"taxonomy":"category","embeddable":true,"href":"https:\/\/migracao.redenoticia.com.br\/noticia\/wp-json\/wp\/v2\/categories?post=200786"},{"taxonomy":"post_tag","embeddable":true,"href":"https:\/\/migracao.redenoticia.com.br\/noticia\/wp-json\/wp\/v2\/tags?post=200786"}],"curies":[{"name":"wp","href":"https:\/\/api.w.org\/{rel}","templated":true}]}}