{"id":200791,"date":"2020-11-25T11:58:29","date_gmt":"2020-11-25T14:58:29","guid":{"rendered":"https:\/\/www.redenoticia.com.br\/noticia\/?p=200791"},"modified":"2020-11-25T11:58:29","modified_gmt":"2020-11-25T14:58:29","slug":"resumo-chiquititas-26-11-junior-comunica-que-vai-se-casar-com-carol-e-adotar-dani","status":"publish","type":"post","link":"https:\/\/migracao.redenoticia.com.br\/noticia\/2020\/resumo-chiquititas-26-11-junior-comunica-que-vai-se-casar-com-carol-e-adotar-dani\/200791","title":{"rendered":"Resumo \u201cChiquititas\u201d 26\/11: J\u00fanior comunica que vai se casar com Carol e adotar Dani"},"content":{"rendered":"<p><img loading=\"lazy\" decoding=\"async\" class=\"aligncenter size-full wp-image-195897\" src=\"https:\/\/migracao.redenoticia.com.br\/noticia\/imagens\/chiquititas-resumo-sinopse.jpg\" alt=\"\" width=\"1280\" height=\"720\" srcset=\"https:\/\/migracao.redenoticia.com.br\/noticia\/imagens\/chiquititas-resumo-sinopse.jpg 1280w, https:\/\/migracao.redenoticia.com.br\/noticia\/imagens\/chiquititas-resumo-sinopse-250x140.jpg 250w, https:\/\/migracao.redenoticia.com.br\/noticia\/imagens\/chiquititas-resumo-sinopse-400x225.jpg 400w, https:\/\/migracao.redenoticia.com.br\/noticia\/imagens\/chiquititas-resumo-sinopse-768x432.jpg 768w, https:\/\/migracao.redenoticia.com.br\/noticia\/imagens\/chiquititas-resumo-sinopse-150x85.jpg 150w, https:\/\/migracao.redenoticia.com.br\/noticia\/imagens\/chiquititas-resumo-sinopse-696x392.jpg 696w, https:\/\/migracao.redenoticia.com.br\/noticia\/imagens\/chiquititas-resumo-sinopse-1068x601.jpg 1068w\" sizes=\"auto, (max-width: 1280px) 100vw, 1280px\" \/><\/p>\n<p><strong><em>Resumo da novela \u201cChiquititas\u201d<\/em><\/strong> em 26\/11: no cap\u00edtulo 104(*) da novela, no Caf\u00e9 Boutique, Clarita observa o desempenho de \u00c9rica e se irrita com a presen\u00e7a da garota. Carmen chega ao orfanato acompanhada de um policial (Nando Cunha) e um funcion\u00e1rio do juizado de menores (Daniel Ortega). A megera aponta para Mosca e diz que eles podem lev\u00e1-los para o reformat\u00f3rio. Pata se desespera e todos os \u00f3rf\u00e3os defendem o amigo, mas os dois homens levam o pequenino. No Caf\u00e9 Boutique, Clarita observa \u00c9rica e Beto conversando e se atrapalha com os pedidos. Um funcion\u00e1rio (Eduardo Boadstein) do col\u00e9gio de Dani a leva para a casa e Carol o questiona. O rapaz diz que a garota se envolveu em uma briga na escola e Carol a chama para conversar. Enquanto a mo\u00e7a orienta Dani, o celular de Carol toca e sua advogada lhe d\u00e1 a not\u00edcia que a visita da assistente social n\u00e3o deixou uma boa impress\u00e3o.<\/p>\n<p>No Caf\u00e9 Boutique, Beto diz a Tobias que com o sucesso de Tom\u00e1s Ferraz os dois j\u00e1 podem parar de trabalhar na loja. O barista confessa que tem medo de se transformar em outra pessoa e perder sua personalidade. No mesmo momento, \u00c9rica se aproxima de Beto e Clarita os observa. A gar\u00e7onete deixa cair caf\u00e9 em um dos clientes e Tobias a acalma. No orfanato, as crian\u00e7as tentam tranquilizar Pata e a menina afirma que seu irm\u00e3o n\u00e3o teve culpa, que o ladr\u00e3o est\u00e1 entre ela e que ir\u00e1 descobrir o verdadeiro culpado. No reformat\u00f3rio, o guarda leva Mosca at\u00e9 o seu novo quarto. O garoto conhece Juca (Matheus Chequer), que o aconselha a n\u00e3o se meter em confus\u00e3o e nem enfrentar um trio de meninos denominados ?Os patr\u00e3o?. Inconformada, Pata acusa os amigos de estarem envolvido com o roubo da carteira. Na mans\u00e3o da fam\u00edlia Almeida Campos, Carmen chega feliz e d\u00e1 a not\u00edcia para Duda que enviou Mosca para um reformat\u00f3rio.<\/p>\n<p>As crian\u00e7as acusam Ernestina de terem roubado a carteira e colocado na cama de Mosca, pois ela foi a \u00fanica pessoa que pegou a bolsa de Carmen. A zeladora fica magoada em ver que todos, at\u00e9 Chico, est\u00e3o duvidando dela. No campo de golfe, Cintia e Jos\u00e9 Ricardo se divertem juntos. Mili liga para a diretora e avisa que Mosca foi mandado para um reformat\u00f3rio. Jos\u00e9 Ricardo n\u00e3o aprova a atitude da irm\u00e3, mas para se ver livre das crian\u00e7as Cintia diz que concordo com a megera. No p\u00e1tio, Ernestina fica furiosa com Chico por ele tamb\u00e9m ter duvidado dela. A zeladora decide terminar o namoro entre os dois. Para ver a noiva feliz, Junior sugere para Carol que os dois se casem e adotem Dani. No orfanato, Duda chega para visitar os \u00f3rf\u00e3os e finge n\u00e3o saber o que aconteceu. O garoto percebe que todos est\u00e3o tristes.<\/p>\n<p>No reformat\u00f3rio, Juca aconselha Mosca a n\u00e3o encarar os meninos do lugar. Na mans\u00e3o, Carmen explica os motivos de ter enviado o pequenino para o reformat\u00f3rio. Jos\u00e9 Ricardo n\u00e3o concorda com a atitude da irm\u00e3. No mesmo momento, Junior comunica \u00e0 fam\u00edlia que ir\u00e1 se casar com Carol e que os dois adotar\u00e3o Dani. No reformat\u00f3rio, o trio \u201dOs patr\u00e3o\u201d surge e Mosca percebe que o l\u00edder dos meninos \u00e9 Pa\u00e7oca (Rafael Miguel), que quer se vingar do menino por ter lhe enviado ao lugar. No orfanato, Cintia comunica \u00e0s crian\u00e7as que Jos\u00e9 Ricardo n\u00e3o permitiu tirar o \u00f3rf\u00e3o do reformat\u00f3rio. No local, Pa\u00e7oca e Mosca discutem. O encrenqueiro amea\u00e7a o garoto pede para Juca n\u00e3o fazer amizade com ele.<\/p>\n<p>Na mans\u00e3o, Carmen fica indignada com a not\u00edcia de Junior e questiona o irm\u00e3o. Jos\u00e9 Ricardo a tranquiliza e diz que j\u00e1 pensa uma forma de evitar que essa decis\u00e3o se concretize. Carol d\u00e1 a not\u00edcia para Dani que ela e Junior ir\u00e3o se casar e que tamb\u00e9m ir\u00e3o adot\u00e1-la. Clipe &#8211; Cora\u00e7\u00e3o com Buraquinhos. No reformat\u00f3rio, os tr\u00eas garotos encrenqueiros v\u00e3o ao quarto de Mosca e o desafiam. Pa\u00e7oca o manda cumprir uma tarefa, dan\u00e7ar de cueca na hora do jantar em cima da mesa. Chico leva Pata para visitar o irm\u00e3o, o garoto defende a sua inoc\u00eancia e pede para que os dois o tirem do lugar.<\/p>\n<p>(*) edi\u00e7\u00e3o das novelas do SBT, \u201cChiquititas\u201d, sujeito a altera\u00e7\u00e3o de data e conte\u00fado.<\/p>\n","protected":false},"excerpt":{"rendered":"<p>Resumo da novela \u201cChiquititas\u201d em 26\/11: no cap\u00edtulo 104(*) da novela, no Caf\u00e9 Boutique, Clarita observa o desempenho de \u00c9rica e se irrita com a presen\u00e7a da garota. Carmen chega ao orfanato acompanhada de um policial (Nando Cunha) e um funcion\u00e1rio do juizado de menores (Daniel Ortega). A megera aponta para Mosca e diz que [&hellip;]<\/p>\n","protected":false},"author":4,"featured_media":195894,"comment_status":"closed","ping_status":"closed","sticky":false,"template":"","format":"standard","meta":{"tdm_status":"","tdm_grid_status":"","footnotes":""},"categories":[409,379,2025,372,343],"tags":[441],"class_list":{"0":"post-200791","1":"post","2":"type-post","3":"status-publish","4":"format-standard","5":"has-post-thumbnail","7":"category-chiquititas","8":"category-novelas","9":"category-resumo","10":"category-sbt","11":"category-televisao","12":"tag-resumo-do-dia"},"_links":{"self":[{"href":"https:\/\/migracao.redenoticia.com.br\/noticia\/wp-json\/wp\/v2\/posts\/200791","targetHints":{"allow":["GET"]}}],"collection":[{"href":"https:\/\/migracao.redenoticia.com.br\/noticia\/wp-json\/wp\/v2\/posts"}],"about":[{"href":"https:\/\/migracao.redenoticia.com.br\/noticia\/wp-json\/wp\/v2\/types\/post"}],"author":[{"embeddable":true,"href":"https:\/\/migracao.redenoticia.com.br\/noticia\/wp-json\/wp\/v2\/users\/4"}],"replies":[{"embeddable":true,"href":"https:\/\/migracao.redenoticia.com.br\/noticia\/wp-json\/wp\/v2\/comments?post=200791"}],"version-history":[{"count":0,"href":"https:\/\/migracao.redenoticia.com.br\/noticia\/wp-json\/wp\/v2\/posts\/200791\/revisions"}],"wp:featuredmedia":[{"embeddable":true,"href":"https:\/\/migracao.redenoticia.com.br\/noticia\/wp-json\/wp\/v2\/media\/195894"}],"wp:attachment":[{"href":"https:\/\/migracao.redenoticia.com.br\/noticia\/wp-json\/wp\/v2\/media?parent=200791"}],"wp:term":[{"taxonomy":"category","embeddable":true,"href":"https:\/\/migracao.redenoticia.com.br\/noticia\/wp-json\/wp\/v2\/categories?post=200791"},{"taxonomy":"post_tag","embeddable":true,"href":"https:\/\/migracao.redenoticia.com.br\/noticia\/wp-json\/wp\/v2\/tags?post=200791"}],"curies":[{"name":"wp","href":"https:\/\/api.w.org\/{rel}","templated":true}]}}