{"id":200793,"date":"2020-11-25T12:00:12","date_gmt":"2020-11-25T15:00:12","guid":{"rendered":"https:\/\/www.redenoticia.com.br\/noticia\/?p=200793"},"modified":"2020-11-25T12:00:12","modified_gmt":"2020-11-25T15:00:12","slug":"resumo-cumplices-de-um-resgate-26-11-flavia-engravida-do-pastor-augusto","status":"publish","type":"post","link":"https:\/\/migracao.redenoticia.com.br\/noticia\/2020\/resumo-cumplices-de-um-resgate-26-11-flavia-engravida-do-pastor-augusto\/200793","title":{"rendered":"Resumo \u201cC\u00famplices de um Resgate\u201d 26\/11: Fl\u00e1via engravida do pastor Augusto"},"content":{"rendered":"<p><img loading=\"lazy\" decoding=\"async\" class=\"aligncenter size-full wp-image-195896\" src=\"https:\/\/migracao.redenoticia.com.br\/noticia\/imagens\/cumplices-de-um-resgate-resumo-sinopse-elenco.jpg\" alt=\"\" width=\"1280\" height=\"720\" srcset=\"https:\/\/migracao.redenoticia.com.br\/noticia\/imagens\/cumplices-de-um-resgate-resumo-sinopse-elenco.jpg 1280w, https:\/\/migracao.redenoticia.com.br\/noticia\/imagens\/cumplices-de-um-resgate-resumo-sinopse-elenco-250x140.jpg 250w, https:\/\/migracao.redenoticia.com.br\/noticia\/imagens\/cumplices-de-um-resgate-resumo-sinopse-elenco-400x225.jpg 400w, https:\/\/migracao.redenoticia.com.br\/noticia\/imagens\/cumplices-de-um-resgate-resumo-sinopse-elenco-768x432.jpg 768w, https:\/\/migracao.redenoticia.com.br\/noticia\/imagens\/cumplices-de-um-resgate-resumo-sinopse-elenco-150x85.jpg 150w, https:\/\/migracao.redenoticia.com.br\/noticia\/imagens\/cumplices-de-um-resgate-resumo-sinopse-elenco-696x392.jpg 696w, https:\/\/migracao.redenoticia.com.br\/noticia\/imagens\/cumplices-de-um-resgate-resumo-sinopse-elenco-1068x601.jpg 1068w\" sizes=\"auto, (max-width: 1280px) 100vw, 1280px\" \/><\/p>\n<p><strong><em>Resumo da novela \u201cC\u00famplices de um Resgate\u201d em 26\/11<\/em><\/strong>: no cap\u00edtulo 491(*) da novela, Fl\u00e1via conta para o padre Lutero que est\u00e1 gr\u00e1vida do pastor Augusto. O padre comemora. T\u00e9o questiona Sabrina por qual motivo ela n\u00e3o foi ao show de bandas. Sabrina revela que quis se vingar de Isabela por achar que a garota est\u00e1 interessada em Mateus. T\u00e9o conta que Sabrina entendeu tudo errado e, na verdade, \u00e9 ele que est\u00e1 apaixonado por Isabela. Sabrina se sente culpada e decide pedir desculpa para Isabela. Alicia pergunta para os sobrinhos, J\u00falia, Joaquim e Andr\u00e9, se eles aceitam se mudar de casa.<\/p>\n<p>(*) edi\u00e7\u00e3o das novelas do SBT, \u201cC\u00famplices de um Resgate\u201d, sujeito a altera\u00e7\u00e3o de data e conte\u00fado.<\/p>\n<p>Sinopse \u201cC\u00famplices de um Resgate\u201d: Duas irm\u00e3s g\u00eameas univitelinas que foram separadas ap\u00f3s nascimento, se reencontram somente ap\u00f3s doze anos. Manuela, uma das g\u00eameas, \u00e9 doce, meiga, gentil, e muito talentosa para a m\u00fasica e tem uma voz encantadora. Vive uma vida feliz no Vilarejo dos Sonhos, onde mora com sua av\u00f3 Nina, sua tia Helena e sua m\u00e3e Rebeca, que d\u00e1 muito amor e carinho a filha por ela nunca ter tido um pai, e ela \u00e9 a m\u00e3e biol\u00f3gica das duas garotas, mas nunca soube que teve g\u00eameas.<\/p>\n","protected":false},"excerpt":{"rendered":"<p>Resumo da novela \u201cC\u00famplices de um Resgate\u201d em 26\/11: no cap\u00edtulo 491(*) da novela, Fl\u00e1via conta para o padre Lutero que est\u00e1 gr\u00e1vida do pastor Augusto. O padre comemora. T\u00e9o questiona Sabrina por qual motivo ela n\u00e3o foi ao show de bandas. Sabrina revela que quis se vingar de Isabela por achar que a garota [&hellip;]<\/p>\n","protected":false},"author":4,"featured_media":195895,"comment_status":"closed","ping_status":"closed","sticky":false,"template":"","format":"standard","meta":{"tdm_status":"","tdm_grid_status":"","footnotes":""},"categories":[379,2025,372,343],"tags":[441],"class_list":{"0":"post-200793","1":"post","2":"type-post","3":"status-publish","4":"format-standard","5":"has-post-thumbnail","7":"category-novelas","8":"category-resumo","9":"category-sbt","10":"category-televisao","11":"tag-resumo-do-dia"},"_links":{"self":[{"href":"https:\/\/migracao.redenoticia.com.br\/noticia\/wp-json\/wp\/v2\/posts\/200793","targetHints":{"allow":["GET"]}}],"collection":[{"href":"https:\/\/migracao.redenoticia.com.br\/noticia\/wp-json\/wp\/v2\/posts"}],"about":[{"href":"https:\/\/migracao.redenoticia.com.br\/noticia\/wp-json\/wp\/v2\/types\/post"}],"author":[{"embeddable":true,"href":"https:\/\/migracao.redenoticia.com.br\/noticia\/wp-json\/wp\/v2\/users\/4"}],"replies":[{"embeddable":true,"href":"https:\/\/migracao.redenoticia.com.br\/noticia\/wp-json\/wp\/v2\/comments?post=200793"}],"version-history":[{"count":0,"href":"https:\/\/migracao.redenoticia.com.br\/noticia\/wp-json\/wp\/v2\/posts\/200793\/revisions"}],"wp:featuredmedia":[{"embeddable":true,"href":"https:\/\/migracao.redenoticia.com.br\/noticia\/wp-json\/wp\/v2\/media\/195895"}],"wp:attachment":[{"href":"https:\/\/migracao.redenoticia.com.br\/noticia\/wp-json\/wp\/v2\/media?parent=200793"}],"wp:term":[{"taxonomy":"category","embeddable":true,"href":"https:\/\/migracao.redenoticia.com.br\/noticia\/wp-json\/wp\/v2\/categories?post=200793"},{"taxonomy":"post_tag","embeddable":true,"href":"https:\/\/migracao.redenoticia.com.br\/noticia\/wp-json\/wp\/v2\/tags?post=200793"}],"curies":[{"name":"wp","href":"https:\/\/api.w.org\/{rel}","templated":true}]}}