{"id":200958,"date":"2020-11-30T23:43:15","date_gmt":"2020-12-01T02:43:15","guid":{"rendered":"https:\/\/www.redenoticia.com.br\/noticia\/?p=200958"},"modified":"2020-11-30T23:43:15","modified_gmt":"2020-12-01T02:43:15","slug":"resumo-chiquititas-01-12-carol-foge-com-dani","status":"publish","type":"post","link":"https:\/\/migracao.redenoticia.com.br\/noticia\/2020\/resumo-chiquititas-01-12-carol-foge-com-dani\/200958","title":{"rendered":"Resumo \u201cChiquititas\u201d 01\/12: Carol foge com Dani"},"content":{"rendered":"<p> <img loading=\"lazy\" decoding=\"async\" class=\"aligncenter size-full wp-image-195897\" src=\"https:\/\/migracao.redenoticia.com.br\/noticia\/imagens\/chiquititas-resumo-sinopse.jpg\" alt=\"\" width=\"1280\" height=\"720\" srcset=\"https:\/\/migracao.redenoticia.com.br\/noticia\/imagens\/chiquititas-resumo-sinopse.jpg 1280w, https:\/\/migracao.redenoticia.com.br\/noticia\/imagens\/chiquititas-resumo-sinopse-250x140.jpg 250w, https:\/\/migracao.redenoticia.com.br\/noticia\/imagens\/chiquititas-resumo-sinopse-400x225.jpg 400w, https:\/\/migracao.redenoticia.com.br\/noticia\/imagens\/chiquititas-resumo-sinopse-768x432.jpg 768w, https:\/\/migracao.redenoticia.com.br\/noticia\/imagens\/chiquititas-resumo-sinopse-150x85.jpg 150w, https:\/\/migracao.redenoticia.com.br\/noticia\/imagens\/chiquititas-resumo-sinopse-696x392.jpg 696w, https:\/\/migracao.redenoticia.com.br\/noticia\/imagens\/chiquititas-resumo-sinopse-1068x601.jpg 1068w\" sizes=\"auto, (max-width: 1280px) 100vw, 1280px\" \/><\/p>\n<p><strong><em>Resumo da novela \u201cChiquititas\u201d<\/em><\/strong> em 01\/12: no cap\u00edtulo 107(*) da novela, no orfanato, Bia e Binho se preparam para passar o final de semana com Ver\u00f4nica (Marlei Cevada) e Edgar. Carol resolve fugir com Dani para pensar sobre o que fazer com a assistente social (Maximiliana Reis). No orfanato, Ernestina vai \u00e0 sala de Cintia e confessa \u00e0 diretora que gosta de Chico e que resolveu fazer uma surpresa para o cozinheiro. A zeladora pede para Cintia conversar com Chico e pedir para que ele v\u00e1 at\u00e9 o Caf\u00e9 Boutique para encontr\u00e1-la. Na cozinha, a diretora fala ao cozinheiro que Ernestina est\u00e1 magoada com toda a situa\u00e7\u00e3o e que pediu para que ele nunca mais a procure. Na sala, as chiquititas sentem falta de Bia e Binho. Duda chega ao local e fala a Mosca que est\u00e1 feliz por ele ter voltado para o orfanato. Mili avisa o amigo que as crian\u00e7as descobriram que a culpada pelo roubo da carteira foi Pipoca e o mauricinho mente ao dizer que ele \u00e9 o respons\u00e1vel por ter convencido Carmen a tirar o pequenino do reformat\u00f3rio.<\/p>\n<p>No hotel, Carol liga para Junior e o comunica que resolveu fugir com Dani. O rapaz n\u00e3o concorda com a atitude da noiva e Carmen escuta a conversa dos dois. Na casa de Ver\u00f4nica e Edgar, Bia e Binho conhecem o lugar e adoram as coisas estranhas que o casal possui. No Caf\u00e9 Boutique, Beto conta a Tobias que Clarita pediu a eles para morarem juntos. O entregador fica desesperado em pensar que a namorada pensa em se casar e o barista tenta aconselhar o rapaz. \u00c9rica se aproxima dos dois e convida Beto para uma festa e o entregador aceita o convite. Maria Cec\u00edlia chega ao local e Tobias fica feliz ao v\u00ea-la. No hotel, Junior chega para ver Carol e Dani. O rapaz demonstra preocupa\u00e7\u00e3o sobre a atitude da noiva em ter fugido com a menina. Carol diz ao amado que est\u00e1 desesperada, mas n\u00e3o pode deixar a assistente social levar Dani. Junior pensa a melhor forma de resolver a situa\u00e7\u00e3o e promete ficar ao lado da noiva.<\/p>\n<p>No Caf\u00e9 Boutique, Maria Cec\u00edlia avisa aos funcion\u00e1rios que voltou a trabalhar na empresa da fam\u00edlia Almeida Campos. Ao voltar para a sua sala, a supervisora se depara com Armando. O rapaz promete que n\u00e3o ir\u00e1 mais incomod\u00e1-la. Armando se sente humilhado e promete se vingar de Tobias. Na casa de Ver\u00f4nica e Edgar, Bia e Binho come\u00e7am a se incomodar com as piadas exageradas do casal. No orfanato, as crian\u00e7as sentem falta de Ernestina e questionam Chico. O cozinheiro diz n\u00e3o saber onde a mo\u00e7a est\u00e1 e afirma \u00e0s crian\u00e7as que a zeladora n\u00e3o est\u00e1 falando com ele. No Caf\u00e9 Boutique, Ernestina espera por Chico, a zeladora estranha a demora do amado. Com o passar das horas, Clarita avisa Ernestina que a loja est\u00e1 fechando. Sem gra\u00e7a, a zeladora paga a conta e resolve voltar para o orfanato. Jos\u00e9 Ricardo aparece no hotel e surpreende Carolina. No hotel, o empres\u00e1rio pede para conversar com a mo\u00e7a. Jos\u00e9 Ricardo diz a Carol que soube dos problemas sobre a ado\u00e7\u00e3o de Dani e quer ajud\u00e1-la. O empres\u00e1rio confessa que a ado\u00e7\u00e3o foi negada por um pedido que ele fez ao juiz Maia (Jaime Leibovitch). Jos\u00e9 Ricardo prop\u00f5e a Carol que ela se separe de Junior e s\u00f3 assim ter\u00e1 a guarda de Dani.<\/p>\n<p>No orfanato, Ernestina volta ao local triste e encontra com Chico na cozinha. A zeladora n\u00e3o entende o motivo do amado n\u00e3o ter comparecido ao Caf\u00e9 Boutique. Enquanto isso, o cozinheiro ao ver Ernestina arrumada, pensa que a mo\u00e7a j\u00e1 tem uma nova pessoa em sua vida e fica chateado. No hotel, Carol n\u00e3o acredita que o pai de seu noivo esteja a chantageando. Jos\u00e9 Ricardo deixa claro que a mo\u00e7a nunca ser\u00e1 bem vinda \u00e0 fam\u00edlia Almeida Campos e Carol diz que n\u00e3o ir\u00e1 se separar do noivo. O empres\u00e1rio afirma que se ela contar sobre a conversa, ela n\u00e3o ir\u00e1 mais ver Dani. Com medo das amea\u00e7as do sogro, Carol resolve tirar a menina do hotel e lev\u00e1-la para outro lugar. Na rodovi\u00e1ria, as duas se preparam para viajar. Carol liga para Beto e avisa ao irm\u00e3o que levar\u00e1 Dani para a casa de D. Nina (S\u00f4nia Guedes), sua av\u00f3. A mo\u00e7a pede para o rapaz guardar segredo e n\u00e3o contar sobre o paradeiro das duas para Junior.<\/p>\n<p>(*) edi\u00e7\u00e3o das novelas do SBT, \u201cChiquititas\u201d, sujeito a altera\u00e7\u00e3o de data e conte\u00fado.<\/p>\n","protected":false},"excerpt":{"rendered":"<p>Resumo da novela \u201cChiquititas\u201d em 01\/12: no cap\u00edtulo 107(*) da novela, no orfanato, Bia e Binho se preparam para passar o final de semana com Ver\u00f4nica (Marlei Cevada) e Edgar. Carol resolve fugir com Dani para pensar sobre o que fazer com a assistente social (Maximiliana Reis). No orfanato, Ernestina vai \u00e0 sala de Cintia [&hellip;]<\/p>\n","protected":false},"author":2,"featured_media":195894,"comment_status":"closed","ping_status":"closed","sticky":false,"template":"","format":"standard","meta":{"tdm_status":"","tdm_grid_status":"","footnotes":""},"categories":[409,379,2025,372,343],"tags":[441],"class_list":{"0":"post-200958","1":"post","2":"type-post","3":"status-publish","4":"format-standard","5":"has-post-thumbnail","7":"category-chiquititas","8":"category-novelas","9":"category-resumo","10":"category-sbt","11":"category-televisao","12":"tag-resumo-do-dia"},"_links":{"self":[{"href":"https:\/\/migracao.redenoticia.com.br\/noticia\/wp-json\/wp\/v2\/posts\/200958","targetHints":{"allow":["GET"]}}],"collection":[{"href":"https:\/\/migracao.redenoticia.com.br\/noticia\/wp-json\/wp\/v2\/posts"}],"about":[{"href":"https:\/\/migracao.redenoticia.com.br\/noticia\/wp-json\/wp\/v2\/types\/post"}],"author":[{"embeddable":true,"href":"https:\/\/migracao.redenoticia.com.br\/noticia\/wp-json\/wp\/v2\/users\/2"}],"replies":[{"embeddable":true,"href":"https:\/\/migracao.redenoticia.com.br\/noticia\/wp-json\/wp\/v2\/comments?post=200958"}],"version-history":[{"count":0,"href":"https:\/\/migracao.redenoticia.com.br\/noticia\/wp-json\/wp\/v2\/posts\/200958\/revisions"}],"wp:featuredmedia":[{"embeddable":true,"href":"https:\/\/migracao.redenoticia.com.br\/noticia\/wp-json\/wp\/v2\/media\/195894"}],"wp:attachment":[{"href":"https:\/\/migracao.redenoticia.com.br\/noticia\/wp-json\/wp\/v2\/media?parent=200958"}],"wp:term":[{"taxonomy":"category","embeddable":true,"href":"https:\/\/migracao.redenoticia.com.br\/noticia\/wp-json\/wp\/v2\/categories?post=200958"},{"taxonomy":"post_tag","embeddable":true,"href":"https:\/\/migracao.redenoticia.com.br\/noticia\/wp-json\/wp\/v2\/tags?post=200958"}],"curies":[{"name":"wp","href":"https:\/\/api.w.org\/{rel}","templated":true}]}}