{"id":201016,"date":"2020-12-04T00:14:27","date_gmt":"2020-12-04T03:14:27","guid":{"rendered":"https:\/\/www.redenoticia.com.br\/noticia\/?p=201016"},"modified":"2020-12-04T00:14:33","modified_gmt":"2020-12-04T03:14:33","slug":"a-fazenda-12-roca-votacao-em-movimenta-a-enquete","status":"publish","type":"post","link":"https:\/\/migracao.redenoticia.com.br\/noticia\/2020\/a-fazenda-12-roca-votacao-em-movimenta-a-enquete\/201016","title":{"rendered":"&#8220;A Fazenda&#8221; 12 ro\u00e7a: vota\u00e7\u00e3o em Biel, Jakelyne e Joj\u00f4 movimentou a enquete"},"content":{"rendered":"<p><img loading=\"lazy\" decoding=\"async\" class=\"aligncenter size-full wp-image-195945\" src=\"https:\/\/migracao.redenoticia.com.br\/noticia\/imagens\/a-fazenda-record-resultado-enquete.jpg\" alt=\"\" width=\"1280\" height=\"720\" srcset=\"https:\/\/migracao.redenoticia.com.br\/noticia\/imagens\/a-fazenda-record-resultado-enquete.jpg 1280w, https:\/\/migracao.redenoticia.com.br\/noticia\/imagens\/a-fazenda-record-resultado-enquete-250x140.jpg 250w, https:\/\/migracao.redenoticia.com.br\/noticia\/imagens\/a-fazenda-record-resultado-enquete-400x225.jpg 400w, https:\/\/migracao.redenoticia.com.br\/noticia\/imagens\/a-fazenda-record-resultado-enquete-768x432.jpg 768w, https:\/\/migracao.redenoticia.com.br\/noticia\/imagens\/a-fazenda-record-resultado-enquete-150x85.jpg 150w, https:\/\/migracao.redenoticia.com.br\/noticia\/imagens\/a-fazenda-record-resultado-enquete-696x392.jpg 696w, https:\/\/migracao.redenoticia.com.br\/noticia\/imagens\/a-fazenda-record-resultado-enquete-1068x601.jpg 1068w\" sizes=\"auto, (max-width: 1280px) 100vw, 1280px\" \/><\/p>\n<p><strong><em>&#8220;A Fazenda&#8221; 12 (2020)<\/em><\/strong> vota\u00e7\u00e3o na enquete da ro\u00e7a: Em 03\/12, Jakelyne foi a menos votada pelo p\u00fablico (27,20%) e deixou o programa. Esta ro\u00e7a come\u00e7ou em 01\/12, quando Mariano abriu o Lampi\u00e3o, escolheu o poder da Chama Verde e ganhou imunidade. Ele deu o poder da Chama Vermelha para Lidi. O Fazendeiro Mateus indicou Jakelyne para a ro\u00e7a. Os pe\u00f5es votaram nos pe\u00f5es da baia para definir o segundo roceiro. <\/p>\n<p>Tays votou no Lipe. Lidi e Biel votaram na Joj\u00f4, que votou no Biel. Jakelyne e Lipe votaram no Biel. Mariano votou na St\u00e9fani, que votou no Biel.  <\/p>\n<p>Pode interessar<br \/>\n<a href=\"https:\/\/migracao.redenoticia.com.br\/noticia\/2020\/novela-amor-sem-igual-poderosa-declara-que-ramiro-e-inocente\/201040\">Novela &#8220;Amor Sem Igual&#8221;: Poderosa declara a imprensa que Ramiro \u00e9 inocente<\/a><\/p>\n<p>O roceiro da baia, Biel, indicou Lidi para a terceira vaga. Lidi abriu a chama Vermelha e indicou Joj\u00f4 para a quarta vaga na ro\u00e7a. Ela vetou Biel da prova do Fazendeiro. Jakelyne, Joj\u00f4 e Lidi disputaram a prova do Fazendeiro nesta quarta-feira, 02\/12. As roceiras tiveram que superar um circuito de obst\u00e1culos com agilidade. Lidi venceu a disputa e se tornou a d\u00e9cima terceira fazendeira da temporada. Veja o resultado da vota\u00e7\u00e3o na enquete:<\/p>\n<p>[yop_poll id=&#8221;09&#8243;]<\/p>\n<p>A vota\u00e7\u00e3o oficial acontece no site do programa &#8220;A Fazenda&#8221;.<\/p>\n<h4>Participantes de &#8220;A Fazenda&#8221; 12<\/h4>\n<p>Biel, cantor;<br \/>\nCarol (Narizinho), modelo e digital influencer;<br \/>\nCartolouco, jornalista e publicit\u00e1rio;<br \/>\nFernandinho (Beatbox), m\u00fasico e produtor musical;<br \/>\nJakelyne (Oliveira), modelo e digital influencer;<br \/>\nJojo (Todynho), cantora e digital influencer;<br \/>\nJP Gad\u00ealha, bombeiro bilitar e ex The Circle;<br \/>\nJuliano (Ceglia), apresentador e jornalista;<br \/>\nLidi (Lisboa), atriz;<br \/>\nLipe (Ribeiro), digital influencer;<br \/>\nLucas (Maciel), apresentador e criador de conte\u00fado;<br \/>\nLuiza (Ambiel), atriz e jornalista;<br \/>\nMariano, cantor e empres\u00e1rio;<br \/>\nMateus (Carrieri), ator e professor de educa\u00e7\u00e3o f\u00edsica;<br \/>\nMC Mirella, cantora e digital influencer;<br \/>\nRaissa (Barbosa), modelo;<br \/>\nRodrigo (Moraes), midia man e apresentador;<br \/>\nSt\u00e9fani (Bays); digital influencer;<br \/>\nTays (Reis), cantora e compositora;<br \/>\nVict\u00f3ria (Villarim), modelo e bailarina.<\/p>\n<p>&#8220;A Fazenda&#8221; Record<\/p>\n","protected":false},"excerpt":{"rendered":"<p>&#8220;A Fazenda&#8221; 12 (2020) vota\u00e7\u00e3o na enquete da ro\u00e7a: Em 03\/12, Jakelyne foi a menos votada pelo p\u00fablico (27,20%) e deixou o programa. Esta ro\u00e7a come\u00e7ou em 01\/12, quando Mariano abriu o Lampi\u00e3o, escolheu o poder da Chama Verde e ganhou imunidade. Ele deu o poder da Chama Vermelha para Lidi. O Fazendeiro Mateus indicou [&hellip;]<\/p>\n","protected":false},"author":2,"featured_media":195946,"comment_status":"closed","ping_status":"closed","sticky":false,"template":"","format":"standard","meta":{"tdm_status":"","tdm_grid_status":"","footnotes":""},"categories":[406,22,371,343],"tags":[521],"class_list":{"0":"post-201016","1":"post","2":"type-post","3":"status-publish","4":"format-standard","5":"has-post-thumbnail","7":"category-a-fazenda","8":"category-brasil","9":"category-rede-record","10":"category-televisao","11":"tag-enquete"},"_links":{"self":[{"href":"https:\/\/migracao.redenoticia.com.br\/noticia\/wp-json\/wp\/v2\/posts\/201016","targetHints":{"allow":["GET"]}}],"collection":[{"href":"https:\/\/migracao.redenoticia.com.br\/noticia\/wp-json\/wp\/v2\/posts"}],"about":[{"href":"https:\/\/migracao.redenoticia.com.br\/noticia\/wp-json\/wp\/v2\/types\/post"}],"author":[{"embeddable":true,"href":"https:\/\/migracao.redenoticia.com.br\/noticia\/wp-json\/wp\/v2\/users\/2"}],"replies":[{"embeddable":true,"href":"https:\/\/migracao.redenoticia.com.br\/noticia\/wp-json\/wp\/v2\/comments?post=201016"}],"version-history":[{"count":0,"href":"https:\/\/migracao.redenoticia.com.br\/noticia\/wp-json\/wp\/v2\/posts\/201016\/revisions"}],"wp:featuredmedia":[{"embeddable":true,"href":"https:\/\/migracao.redenoticia.com.br\/noticia\/wp-json\/wp\/v2\/media\/195946"}],"wp:attachment":[{"href":"https:\/\/migracao.redenoticia.com.br\/noticia\/wp-json\/wp\/v2\/media?parent=201016"}],"wp:term":[{"taxonomy":"category","embeddable":true,"href":"https:\/\/migracao.redenoticia.com.br\/noticia\/wp-json\/wp\/v2\/categories?post=201016"},{"taxonomy":"post_tag","embeddable":true,"href":"https:\/\/migracao.redenoticia.com.br\/noticia\/wp-json\/wp\/v2\/tags?post=201016"}],"curies":[{"name":"wp","href":"https:\/\/api.w.org\/{rel}","templated":true}]}}