{"id":201068,"date":"2020-12-03T11:58:40","date_gmt":"2020-12-03T14:58:40","guid":{"rendered":"https:\/\/www.redenoticia.com.br\/noticia\/?p=201068"},"modified":"2020-12-03T11:58:40","modified_gmt":"2020-12-03T14:58:40","slug":"resumo-quando-me-apaixono-04-12-jeronimo-esta-animado-para-se-tornar-pai","status":"publish","type":"post","link":"https:\/\/migracao.redenoticia.com.br\/noticia\/2020\/resumo-quando-me-apaixono-04-12-jeronimo-esta-animado-para-se-tornar-pai\/201068","title":{"rendered":"Resumo \u201cQuando me Apaixono\u201d 04\/12: Jer\u00f4nimo est\u00e1 animado para se tornar pai"},"content":{"rendered":"<p><img loading=\"lazy\" decoding=\"async\" class=\"aligncenter size-full wp-image-195889\" src=\"https:\/\/migracao.redenoticia.com.br\/noticia\/imagens\/quando-me-apaixono-elenco.jpg\" alt=\"\" width=\"1280\" height=\"720\" srcset=\"https:\/\/migracao.redenoticia.com.br\/noticia\/imagens\/quando-me-apaixono-elenco.jpg 1280w, https:\/\/migracao.redenoticia.com.br\/noticia\/imagens\/quando-me-apaixono-elenco-250x140.jpg 250w, https:\/\/migracao.redenoticia.com.br\/noticia\/imagens\/quando-me-apaixono-elenco-400x225.jpg 400w, https:\/\/migracao.redenoticia.com.br\/noticia\/imagens\/quando-me-apaixono-elenco-768x432.jpg 768w, https:\/\/migracao.redenoticia.com.br\/noticia\/imagens\/quando-me-apaixono-elenco-150x85.jpg 150w, https:\/\/migracao.redenoticia.com.br\/noticia\/imagens\/quando-me-apaixono-elenco-696x392.jpg 696w, https:\/\/migracao.redenoticia.com.br\/noticia\/imagens\/quando-me-apaixono-elenco-1068x601.jpg 1068w\" sizes=\"auto, (max-width: 1280px) 100vw, 1280px\" \/><\/p>\n<p><strong><em>Resumo da novela \u201cQuando me Apaixono\u201d<\/em><\/strong> em 04\/12: no cap\u00edtulo 100(*) da novela, Jer\u00f4nimo n\u00e3o acredita que Marina esteja gr\u00e1vida, mas Renata diz que ela confirmou. Marina repreende Augusto por fofocar sobre sua vida pessoal para Renata. Alzira entra em trabalho de parto. Gon\u00e7alo convence Regina a se mudar para a sua Mans\u00e3o. Os federais suspeitam que Fina est\u00e1 na cidade. Todos concordam em ficar atentos a qualquer sinal de Fina. Augusto acha que Marina \u00e9 uma idiota por n\u00e3o usar o beb\u00ea para roubar Jer\u00f4nimo de Renata.<\/p>\n<p>Jer\u00f4nimo jura que apoiar\u00e1 seu filho, mas n\u00e3o quer que isso interfira em seu relacionamento com Renata. Alzira sofre. Karina a orienta. Jer\u00f4nimo promete a Renata que eles passar\u00e3o por essa nova fase de suas vidas juntos. Alzira passa por um momento dif\u00edcil e n\u00e3o h\u00e1 sinal do m\u00e9dico. L\u00e1zaro recebe ordens de ajudar a enfermeira no parto. Nasce uma menina. Adriana e Matias andam em um quadriciclo. Mariana chega com Ezequiel e ele segura sua filha.<\/p>\n<p>Fina de peruca est\u00e1 em frente a uma igreja. Roberta almo\u00e7a com Regina e Gon\u00e7alo. Eles contam a ela sobre o plano de dar a Mans\u00e3o para Renata. Roberta est\u00e1 visivelmente descontente. Renata pede a Roberta que mande uma mala de roupas e o colar de esmeraldas que Augusto lhe deu. Renata quer devolv\u00ea-lo.<\/p>\n<p>Roberta jura que a felicidade de Renata ter\u00e1 vida curta. Adriana e MatIas d\u00e3o um passeio de barco. Jer\u00f4nimo visita Alzira e parabeniza os pais da menina. Renata encontra Karina na cidade. O dia de Adriana e Matias na praia d\u00e1 um solavanco quando o barco deles quebra. Eles t\u00eam que passar a noite em um bangal\u00f4, at\u00e9 que o barco seja consertado. Matilde e Manuela amea\u00e7am contar para Karina que Neves est\u00e1 vivo.<\/p>\n<p>L\u00e1zaro diz que ele deve dizer a verdade a Karina. Hon\u00f3rio chega em casa com a certid\u00e3o de nascimento de Adriana. Carlos fica feliz em saber que Jer\u00f4nimo est\u00e1 firme com Renata. Jer\u00f4nimo est\u00e1 animado para se tornar pai. Alzira questiona Marina sobre seu relacionamento com Jer\u00f4nimo e ela come\u00e7a a chorar. Renata admite a Jer\u00f4nimo que foi Augusto quem lhe contou sobre Marina.<\/p>\n<p>(*) edi\u00e7\u00e3o das novelas do SBT, \u201cQuando me Apaixono \u201d, sujeito a altera\u00e7\u00e3o de data e conte\u00fado.<\/p>\n<p>Sinopse \u201cQuando me Apaixono\u201d: A hist\u00f3ria come\u00e7a com o nascimento de duas meninas, Regina e Roberta; ambas s\u00e3o filhas de Roberto Gamba (Sebasti\u00e1n Rulli), mas de m\u00e3es diferentes. Enquanto Regina \u00e9 filha de Regina Sober\u00f3n Gamba (Lidia \u00c1vila\/Julieta Rosen), a esposa leg\u00edtima de Roberto, Roberta \u00e9 filha de Josefina &#8220;Pepa&#8221; \u00c1lvarez Mart\u00ednez (Margarita Maga\u00f1a\/Roc\u00edo Banquells), a amante de Roberto.<\/p>\n<p>Quando Roberto diz a Pepa que n\u00e3o vai deixar sua esposa e sua filha Regina, aquela, cheia de raiva depois de causar a morte de Roberto, decide raptar a filha de Regina para se vingar dela e faz\u00ea-la sofrer. Pepa muda o nome de Regina para Renata e foge com as duas meninas, deixando Regina despeda\u00e7ada pela perda de sua filha.<\/p>\n","protected":false},"excerpt":{"rendered":"<p>Resumo da novela \u201cQuando me Apaixono\u201d em 04\/12: no cap\u00edtulo 100(*) da novela, Jer\u00f4nimo n\u00e3o acredita que Marina esteja gr\u00e1vida, mas Renata diz que ela confirmou. Marina repreende Augusto por fofocar sobre sua vida pessoal para Renata. Alzira entra em trabalho de parto. Gon\u00e7alo convence Regina a se mudar para a sua Mans\u00e3o. Os federais [&hellip;]<\/p>\n","protected":false},"author":4,"featured_media":195893,"comment_status":"closed","ping_status":"closed","sticky":false,"template":"","format":"standard","meta":{"tdm_status":"","tdm_grid_status":"","footnotes":""},"categories":[379,2028,2025,372,343],"tags":[441],"class_list":{"0":"post-201068","1":"post","2":"type-post","3":"status-publish","4":"format-standard","5":"has-post-thumbnail","7":"category-novelas","8":"category-quando-me-apaixono","9":"category-resumo","10":"category-sbt","11":"category-televisao","12":"tag-resumo-do-dia"},"_links":{"self":[{"href":"https:\/\/migracao.redenoticia.com.br\/noticia\/wp-json\/wp\/v2\/posts\/201068","targetHints":{"allow":["GET"]}}],"collection":[{"href":"https:\/\/migracao.redenoticia.com.br\/noticia\/wp-json\/wp\/v2\/posts"}],"about":[{"href":"https:\/\/migracao.redenoticia.com.br\/noticia\/wp-json\/wp\/v2\/types\/post"}],"author":[{"embeddable":true,"href":"https:\/\/migracao.redenoticia.com.br\/noticia\/wp-json\/wp\/v2\/users\/4"}],"replies":[{"embeddable":true,"href":"https:\/\/migracao.redenoticia.com.br\/noticia\/wp-json\/wp\/v2\/comments?post=201068"}],"version-history":[{"count":0,"href":"https:\/\/migracao.redenoticia.com.br\/noticia\/wp-json\/wp\/v2\/posts\/201068\/revisions"}],"wp:featuredmedia":[{"embeddable":true,"href":"https:\/\/migracao.redenoticia.com.br\/noticia\/wp-json\/wp\/v2\/media\/195893"}],"wp:attachment":[{"href":"https:\/\/migracao.redenoticia.com.br\/noticia\/wp-json\/wp\/v2\/media?parent=201068"}],"wp:term":[{"taxonomy":"category","embeddable":true,"href":"https:\/\/migracao.redenoticia.com.br\/noticia\/wp-json\/wp\/v2\/categories?post=201068"},{"taxonomy":"post_tag","embeddable":true,"href":"https:\/\/migracao.redenoticia.com.br\/noticia\/wp-json\/wp\/v2\/tags?post=201068"}],"curies":[{"name":"wp","href":"https:\/\/api.w.org\/{rel}","templated":true}]}}