{"id":201271,"date":"2020-12-09T11:59:10","date_gmt":"2020-12-09T14:59:10","guid":{"rendered":"https:\/\/www.redenoticia.com.br\/noticia\/?p=201271"},"modified":"2020-12-09T11:59:10","modified_gmt":"2020-12-09T14:59:10","slug":"resumo-chiquititas-10-12-jose-ricardo-volta-a-procurar","status":"publish","type":"post","link":"https:\/\/migracao.redenoticia.com.br\/noticia\/2020\/resumo-chiquititas-10-12-jose-ricardo-volta-a-procurar\/201271","title":{"rendered":"Resumo \u201cChiquititas\u201d 10\/12: Jos\u00e9 Ricardo volta a procurar"},"content":{"rendered":"<p><img loading=\"lazy\" decoding=\"async\" class=\"aligncenter size-full wp-image-195897\" src=\"https:\/\/migracao.redenoticia.com.br\/noticia\/imagens\/chiquititas-resumo-sinopse.jpg\" alt=\"\" width=\"1280\" height=\"720\" srcset=\"https:\/\/migracao.redenoticia.com.br\/noticia\/imagens\/chiquititas-resumo-sinopse.jpg 1280w, https:\/\/migracao.redenoticia.com.br\/noticia\/imagens\/chiquititas-resumo-sinopse-250x140.jpg 250w, https:\/\/migracao.redenoticia.com.br\/noticia\/imagens\/chiquititas-resumo-sinopse-400x225.jpg 400w, https:\/\/migracao.redenoticia.com.br\/noticia\/imagens\/chiquititas-resumo-sinopse-768x432.jpg 768w, https:\/\/migracao.redenoticia.com.br\/noticia\/imagens\/chiquititas-resumo-sinopse-150x85.jpg 150w, https:\/\/migracao.redenoticia.com.br\/noticia\/imagens\/chiquititas-resumo-sinopse-696x392.jpg 696w, https:\/\/migracao.redenoticia.com.br\/noticia\/imagens\/chiquititas-resumo-sinopse-1068x601.jpg 1068w\" sizes=\"auto, (max-width: 1280px) 100vw, 1280px\" \/><\/p>\n<p><strong><em>Resumo da novela \u201cChiquititas\u201d<\/em><\/strong> em 10\/12: no cap\u00edtulo 112(*) da novela, amanhece e Chico encontra Ernestina, que na verdade \u00e9 Matilde, desmaiada no ch\u00e3o. As chiquititas ficam preocupadas. Ernestina acorda e diz que as crian\u00e7as colocaram ratoeiras em seu chinelo. Clarita tira satisfa\u00e7\u00e3o com Beto, que n\u00e3o revela sobre o beijo e enrola a namorada. \u00c9tica chega atrasada e Clarita chama sua aten\u00e7\u00e3o. As chiquititas conversam sobre a diferen\u00e7a no comportamento Ernestina. Mosca diz que acha que ela pode ser um clone da antiga Ernestina. Para saber se ela \u00e9 ou n\u00e3o clone, resolvem testar os h\u00e1bitos da zeladora. Jos\u00e9 Ricardo vai at\u00e9 a casa de Carol falar sobre a Dani. Junior bate na porta.<\/p>\n<p>Jos\u00e9 Ricardo se esconde e Junior entra. Junior diz que ama Carol e que n\u00e3o consegue viver sem ela. Carol chora e abra\u00e7a o rapaz, nessa hora Jos\u00e9 Ricardo aparece rapidamente ao fundo, sem que Junior veja. Carol diz pra Junior que n\u00e3o tem o que explicar e pede para que ela v\u00e1 embora. O rapaz vai embora chorando muito. Em seguida, Carol expulsa Jos\u00e9 Ricardo de sua casa. No jantar, as chiquititas estranham a falta de percep\u00e7\u00e3o de Ernestina e ainda mais quando ela fala que ideia lasanha, que sempre foi seu prato predileto.<\/p>\n<p>(*) edi\u00e7\u00e3o das novelas do SBT, \u201cChiquititas\u201d, sujeito a altera\u00e7\u00e3o de data e conte\u00fado.<\/p>\n","protected":false},"excerpt":{"rendered":"<p>Resumo da novela \u201cChiquititas\u201d em 10\/12: no cap\u00edtulo 112(*) da novela, amanhece e Chico encontra Ernestina, que na verdade \u00e9 Matilde, desmaiada no ch\u00e3o. As chiquititas ficam preocupadas. Ernestina acorda e diz que as crian\u00e7as colocaram ratoeiras em seu chinelo. Clarita tira satisfa\u00e7\u00e3o com Beto, que n\u00e3o revela sobre o beijo e enrola a namorada. [&hellip;]<\/p>\n","protected":false},"author":4,"featured_media":195894,"comment_status":"closed","ping_status":"closed","sticky":false,"template":"","format":"standard","meta":{"tdm_status":"","tdm_grid_status":"","footnotes":""},"categories":[409,379,2025,372,343],"tags":[441],"class_list":{"0":"post-201271","1":"post","2":"type-post","3":"status-publish","4":"format-standard","5":"has-post-thumbnail","7":"category-chiquititas","8":"category-novelas","9":"category-resumo","10":"category-sbt","11":"category-televisao","12":"tag-resumo-do-dia"},"_links":{"self":[{"href":"https:\/\/migracao.redenoticia.com.br\/noticia\/wp-json\/wp\/v2\/posts\/201271","targetHints":{"allow":["GET"]}}],"collection":[{"href":"https:\/\/migracao.redenoticia.com.br\/noticia\/wp-json\/wp\/v2\/posts"}],"about":[{"href":"https:\/\/migracao.redenoticia.com.br\/noticia\/wp-json\/wp\/v2\/types\/post"}],"author":[{"embeddable":true,"href":"https:\/\/migracao.redenoticia.com.br\/noticia\/wp-json\/wp\/v2\/users\/4"}],"replies":[{"embeddable":true,"href":"https:\/\/migracao.redenoticia.com.br\/noticia\/wp-json\/wp\/v2\/comments?post=201271"}],"version-history":[{"count":0,"href":"https:\/\/migracao.redenoticia.com.br\/noticia\/wp-json\/wp\/v2\/posts\/201271\/revisions"}],"wp:featuredmedia":[{"embeddable":true,"href":"https:\/\/migracao.redenoticia.com.br\/noticia\/wp-json\/wp\/v2\/media\/195894"}],"wp:attachment":[{"href":"https:\/\/migracao.redenoticia.com.br\/noticia\/wp-json\/wp\/v2\/media?parent=201271"}],"wp:term":[{"taxonomy":"category","embeddable":true,"href":"https:\/\/migracao.redenoticia.com.br\/noticia\/wp-json\/wp\/v2\/categories?post=201271"},{"taxonomy":"post_tag","embeddable":true,"href":"https:\/\/migracao.redenoticia.com.br\/noticia\/wp-json\/wp\/v2\/tags?post=201271"}],"curies":[{"name":"wp","href":"https:\/\/api.w.org\/{rel}","templated":true}]}}