{"id":201280,"date":"2020-12-09T12:04:05","date_gmt":"2020-12-09T15:04:05","guid":{"rendered":"https:\/\/www.redenoticia.com.br\/noticia\/?p=201280"},"modified":"2020-12-09T12:04:05","modified_gmt":"2020-12-09T15:04:05","slug":"resumo-haja-coracao-10-12-aparicio-implora-para-que-rebeca-nao-entre-na-igreja","status":"publish","type":"post","link":"https:\/\/migracao.redenoticia.com.br\/noticia\/2020\/resumo-haja-coracao-10-12-aparicio-implora-para-que-rebeca-nao-entre-na-igreja\/201280","title":{"rendered":"Resumo \u201cHaja Cora\u00e7\u00e3o\u201d 10\/12: Apar\u00edcio implora para que Rebeca n\u00e3o entre na igreja"},"content":{"rendered":"<p><img loading=\"lazy\" decoding=\"async\" src=\"https:\/\/migracao.redenoticia.com.br\/noticia\/imagens\/haja-coracao-resumo-capitulos-novela-elenco-sinopse.jpg\" alt=\"\" width=\"1280\" height=\"720\" class=\"aligncenter size-full wp-image-198753\" srcset=\"https:\/\/migracao.redenoticia.com.br\/noticia\/imagens\/haja-coracao-resumo-capitulos-novela-elenco-sinopse.jpg 1280w, https:\/\/migracao.redenoticia.com.br\/noticia\/imagens\/haja-coracao-resumo-capitulos-novela-elenco-sinopse-250x140.jpg 250w, https:\/\/migracao.redenoticia.com.br\/noticia\/imagens\/haja-coracao-resumo-capitulos-novela-elenco-sinopse-400x225.jpg 400w, https:\/\/migracao.redenoticia.com.br\/noticia\/imagens\/haja-coracao-resumo-capitulos-novela-elenco-sinopse-768x432.jpg 768w, https:\/\/migracao.redenoticia.com.br\/noticia\/imagens\/haja-coracao-resumo-capitulos-novela-elenco-sinopse-150x85.jpg 150w\" sizes=\"auto, (max-width: 1280px) 100vw, 1280px\" \/><\/p>\n<p><em><strong>Resumo da novela &#8220;Haja Cora\u00e7\u00e3o&#8221;<\/strong><\/em> em 10\/12: no cap\u00edtulo 052(*) da novela, Adriana alerta Beto, dizendo que ele pode prejudicar Tancinha. Francesca decide acompanhar Giovanni at\u00e9 a delegacia. Giovanni n\u00e3o entende quando En\u00e9as o chama de assassino. Camila \u00e9 acusada por Francesca de querer prejudicar a vida de seu filho. Tamara se emociona ao receber o perd\u00e3o de Fabinho. Fedora se irrita com a campanha de Estelinha para tir\u00e1-la das redes sociais.<\/p>\n<p>Apar\u00edcio diz a Camila que n\u00e3o acredita que Giovanni seja um bandido. Tancinha pede ajuda a Nair para que Apolo aceite conversar com ela. Camila tenta convencer Apar\u00edcio de que ele deve confessar para Rebeca que \u00e9 milion\u00e1rio. Pen\u00e9lope decide levar Henrique ao casamento de Rebeca. Camila pergunta a Bruna por que ela mentiu quando lhe disse que n\u00e3o conhecia Giovanni. Apar\u00edcio implora para que Rebeca n\u00e3o entre na igreja e declara seu amor pela arquiteta.<\/p>\n<p>(*) edi\u00e7\u00e3o das novelas da Globo, \u201cHaja Cora\u00e7\u00e3o\u201d, sujeito a altera\u00e7\u00e3o de data e conte\u00fado.<\/p>\n<p>Sinopse &#8220;Haja Cora\u00e7\u00e3o&#8221;: Tancinha (Mariana Ximenes) \u00e9 uma feirante simples e de bom cora\u00e7\u00e3o, mas atrapalhada e que fala gritando e errado, uma vez que foi criada junto com a av\u00f3 italiana que pouco falava portugu\u00eas. Ela vive um romance vai-e-volta com o mec\u00e2nico Apolo (Malvino Salvador), cheio de brigas e reconcilia\u00e7\u00f5es, uma vez que os dois tem personalidades fortes, mas fica balan\u00e7ada quando conhece Beto (Jo\u00e3o Baldasserini), um publicit\u00e1rio charmoso que lhe mostra um mundo de op\u00e7\u00f5es fora da feira.<\/p>\n<p>A mo\u00e7a \u00e9 a filha mais velha da Francesca (Marisa Orth), que criou-a sozinha com seus outros tr\u00eas filhos: Shirlei (Sabrina Petraglia) \u00e9 gentil e namora o lutador Ad\u00f4nis (Jos\u00e9 Loreto), embora acabe se encantando por Felipe (Marcos Pitombo) para desespero da namorada dele, J\u00e9ssica (Karen Junqueira), que faz tudo para afasta-los; a venenosa Carmela (Chandelly Braz) sempre plantou intrigas entre os irm\u00e3os por se sentir a menos amada e tenta de forma forma seduzir Ad\u00f4nis; j\u00e1 Giovanni (Jayme Matarazzo) batalha para ajudar a m\u00e3e e estuda para dar uma vida melhor para a fam\u00edlia.<\/p>\n","protected":false},"excerpt":{"rendered":"<p>Resumo da novela &#8220;Haja Cora\u00e7\u00e3o&#8221; em 10\/12: no cap\u00edtulo 052(*) da novela, Adriana alerta Beto, dizendo que ele pode prejudicar Tancinha. Francesca decide acompanhar Giovanni at\u00e9 a delegacia. Giovanni n\u00e3o entende quando En\u00e9as o chama de assassino. Camila \u00e9 acusada por Francesca de querer prejudicar a vida de seu filho. Tamara se emociona ao receber [&hellip;]<\/p>\n","protected":false},"author":4,"featured_media":198750,"comment_status":"closed","ping_status":"closed","sticky":false,"template":"","format":"standard","meta":{"tdm_status":"","tdm_grid_status":"","footnotes":""},"categories":[2083,379,375,2025,343],"tags":[441],"class_list":{"0":"post-201280","1":"post","2":"type-post","3":"status-publish","4":"format-standard","5":"has-post-thumbnail","7":"category-haja-coracao","8":"category-novelas","9":"category-rede-globo","10":"category-resumo","11":"category-televisao","12":"tag-resumo-do-dia"},"_links":{"self":[{"href":"https:\/\/migracao.redenoticia.com.br\/noticia\/wp-json\/wp\/v2\/posts\/201280","targetHints":{"allow":["GET"]}}],"collection":[{"href":"https:\/\/migracao.redenoticia.com.br\/noticia\/wp-json\/wp\/v2\/posts"}],"about":[{"href":"https:\/\/migracao.redenoticia.com.br\/noticia\/wp-json\/wp\/v2\/types\/post"}],"author":[{"embeddable":true,"href":"https:\/\/migracao.redenoticia.com.br\/noticia\/wp-json\/wp\/v2\/users\/4"}],"replies":[{"embeddable":true,"href":"https:\/\/migracao.redenoticia.com.br\/noticia\/wp-json\/wp\/v2\/comments?post=201280"}],"version-history":[{"count":0,"href":"https:\/\/migracao.redenoticia.com.br\/noticia\/wp-json\/wp\/v2\/posts\/201280\/revisions"}],"wp:featuredmedia":[{"embeddable":true,"href":"https:\/\/migracao.redenoticia.com.br\/noticia\/wp-json\/wp\/v2\/media\/198750"}],"wp:attachment":[{"href":"https:\/\/migracao.redenoticia.com.br\/noticia\/wp-json\/wp\/v2\/media?parent=201280"}],"wp:term":[{"taxonomy":"category","embeddable":true,"href":"https:\/\/migracao.redenoticia.com.br\/noticia\/wp-json\/wp\/v2\/categories?post=201280"},{"taxonomy":"post_tag","embeddable":true,"href":"https:\/\/migracao.redenoticia.com.br\/noticia\/wp-json\/wp\/v2\/tags?post=201280"}],"curies":[{"name":"wp","href":"https:\/\/api.w.org\/{rel}","templated":true}]}}