{"id":201310,"date":"2020-12-10T12:26:30","date_gmt":"2020-12-10T15:26:30","guid":{"rendered":"https:\/\/www.redenoticia.com.br\/noticia\/?p=201310"},"modified":"2020-12-10T12:26:30","modified_gmt":"2020-12-10T15:26:30","slug":"resumo-quando-me-apaixono-11-12-antonio-pede-perdao-a-regina","status":"publish","type":"post","link":"https:\/\/migracao.redenoticia.com.br\/noticia\/2020\/resumo-quando-me-apaixono-11-12-antonio-pede-perdao-a-regina\/201310","title":{"rendered":"Resumo \u201cQuando me Apaixono\u201d 11\/12: Ant\u00f4nio pede perd\u00e3o \u00e0 Regina"},"content":{"rendered":"<p><img loading=\"lazy\" decoding=\"async\" class=\"aligncenter size-full wp-image-195889\" src=\"https:\/\/migracao.redenoticia.com.br\/noticia\/imagens\/quando-me-apaixono-elenco.jpg\" alt=\"\" width=\"1280\" height=\"720\" srcset=\"https:\/\/migracao.redenoticia.com.br\/noticia\/imagens\/quando-me-apaixono-elenco.jpg 1280w, https:\/\/migracao.redenoticia.com.br\/noticia\/imagens\/quando-me-apaixono-elenco-250x140.jpg 250w, https:\/\/migracao.redenoticia.com.br\/noticia\/imagens\/quando-me-apaixono-elenco-400x225.jpg 400w, https:\/\/migracao.redenoticia.com.br\/noticia\/imagens\/quando-me-apaixono-elenco-768x432.jpg 768w, https:\/\/migracao.redenoticia.com.br\/noticia\/imagens\/quando-me-apaixono-elenco-150x85.jpg 150w, https:\/\/migracao.redenoticia.com.br\/noticia\/imagens\/quando-me-apaixono-elenco-696x392.jpg 696w, https:\/\/migracao.redenoticia.com.br\/noticia\/imagens\/quando-me-apaixono-elenco-1068x601.jpg 1068w\" sizes=\"auto, (max-width: 1280px) 100vw, 1280px\" \/><\/p>\n<p><strong><em>Resumo da novela \u201cQuando me Apaixono\u201d<\/em><\/strong> em 11\/12: no cap\u00edtulo 105(*) da novela, Ant\u00f4nio conversa com seu superior no semin\u00e1rio para confessar que precisa denunciar Fina. O Padre lhe d\u00e1 permiss\u00e3o para sair, para que ele possa cuidar de sua culpa. No limite do p\u00e1tio separado, Fina \u00e9 atra\u00edda por Branca atrav\u00e9s das grades. Fina torce o nariz. Ela n\u00e3o precisa da ajuda de ningu\u00e9m. In\u00eas incentiva Regina, e ela implora pela verdade sobre a condi\u00e7\u00e3o de Gon\u00e7alo. In\u00eas diz a ela com sinceridade que eles esperam o melhor, mas ningu\u00e9m sabe ainda.<\/p>\n<p>Selena traz C\u00e9sar para casa. Ele n\u00e3o entende o que est\u00e1 acontecendo. Ela garante que o m\u00e9dico o avisar\u00e1 quando o resultado do exame chegar. Um belo agente especial diz que est\u00e3o avan\u00e7ando nas acusa\u00e7\u00f5es para manter Fina na pris\u00e3o. Ele ressalta que as acusa\u00e7\u00f5es podem ser muito mais s\u00e9rias se Gon\u00e7alo n\u00e3o sobreviver. Renata e Jer\u00f4nimo solu\u00e7am em frente \u00e0 janela do quarto de Gon\u00e7alo.<\/p>\n<p>Dr. Neves abordou uma jovem na rua, distra\u00edda por sua conversa ao telefone. Ele pega a carteira e sai correndo. L\u00e1zaro e Karina planejam seu casamento novamente. Ela quer esperar Jer\u00f4nimo e Renata voltarem. Ele diz que eles n\u00e3o deveriam esperar, mas ir em frente com seus planos. Marina se lembra de cenas amorosas com Jer\u00f4nimo e fala com seu futuro beb\u00ea: &#8220;Baby, voc\u00ea precisa saber que voc\u00ea \u00e9 fruto do meu amor por ele. Da minha maior ilus\u00e3o. Eu te amo tanto&#8221;. Ela abra\u00e7a a barriga e chora.<\/p>\n<p>O Dr. Neves faz compras. Jer\u00f4nimo e Matias discutem a ironia de Renata estar t\u00e3o destru\u00edda por ter que ser filha da m\u00e3e m\u00e1. Matias lembra que isso s\u00f3 deixou Renata forte e valente. Augusto senta perto de Renata. Ele diz que estava muito preocupado com ela e sua fam\u00edlia. Jer\u00f4nimo levanta: &#8220;Mas por que voc\u00ea est\u00e1 aqui?&#8221; Roberta entra um momento para olhar Regina adormecida e lamenta, porque ningu\u00e9m a ama. Ela odeia ter que dividir o mundo com Renata. Roberta encontra Augusto no corredor, eles sorriem e fogem juntos.<\/p>\n<p>Matias e Adriana conversam no refeit\u00f3rio sobre o estado de C\u00e9sar. Matias se levanta para oferecer um assento a Julieta. In\u00eas acorda e Regina tamb\u00e9m quando Renata e Jer\u00f4nimo entram. Ningu\u00e9m sabe onde Roberta est\u00e1. Renata se oferece para cuidar da Regina, j\u00e1 que Roberta n\u00e3o est\u00e1 aqui. Regina garante sinceramente que ela tem seu pr\u00f3prio lugar em seu cora\u00e7\u00e3o. Adriana se retira e deixa os amigos conversarem.<\/p>\n<p>Carlos finalmente diz que n\u00e3o quer mais aulas para Matilde. Mam\u00e3e insiste que Matilde est\u00e1 amando isso e aprendendo r\u00e1pido. Carlos diz que Matilde est\u00e1 apenas sendo educada e agradando-a. Ela faz as pazes com seu filho amoroso. O Dr. Neves bebe tequila, muito rapidamente em um bar. Renata est\u00e1 dobrando um cobertor e de repente Ant\u00f4nio entra. Renata pede licen\u00e7a para ir tomar um caf\u00e9, para que eles possam falar sozinhos.<\/p>\n<p>Na pris\u00e3o, tr\u00eas mulheres jogam casca de banana em cima de sua refei\u00e7\u00e3o, dizendo a ela para se mover. A Gansa se apresenta e elas jogam a comida de Fina no ch\u00e3o. No leito de Regina, Ant\u00f4nio diz que ele e Fina queriam a mesma coisa, separ\u00e1-la de Gon\u00e7alo. In\u00eas e Isidro voltam e cumprimentam Renata na sala de espera.<\/p>\n<p>Ant\u00f4nio diz que descobriu que Fina estava tentando matar Gon\u00e7alo e Regina na noite do baile de m\u00e1scaras. Ele conta a cena com Dona Carla e que impediu a morte de Gon\u00e7alo. In\u00eas e Isidro falam sobre a ironia de Renata estar mais disposta a cuidar de Regina do que a suposta filha verdadeira Roberta. Regina chora que sua m\u00e3e morreu de ataque card\u00edaco e Ant\u00f4nio nada fez para ajud\u00e1-la. Ant\u00f4nio implora por seu perd\u00e3o. Renata chora na frente do quarto de Gon\u00e7alo e diz que precisa ir ver a m\u00e3e. Ela precisa de muitas explica\u00e7\u00f5es.<\/p>\n<p>(*) edi\u00e7\u00e3o das novelas do SBT, \u201cQuando me Apaixono \u201d, sujeito a altera\u00e7\u00e3o de data e conte\u00fado.<\/p>\n<p>Sinopse \u201cQuando me Apaixono\u201d: A hist\u00f3ria come\u00e7a com o nascimento de duas meninas, Regina e Roberta; ambas s\u00e3o filhas de Roberto Gamba (Sebasti\u00e1n Rulli), mas de m\u00e3es diferentes. Enquanto Regina \u00e9 filha de Regina Sober\u00f3n Gamba (Lidia \u00c1vila\/Julieta Rosen), a esposa leg\u00edtima de Roberto, Roberta \u00e9 filha de Josefina &#8220;Pepa&#8221; \u00c1lvarez Mart\u00ednez (Margarita Maga\u00f1a\/Roc\u00edo Banquells), a amante de Roberto.<\/p>\n<p>Quando Roberto diz a Pepa que n\u00e3o vai deixar sua esposa e sua filha Regina, aquela, cheia de raiva depois de causar a morte de Roberto, decide raptar a filha de Regina para se vingar dela e faz\u00ea-la sofrer. Pepa muda o nome de Regina para Renata e foge com as duas meninas, deixando Regina despeda\u00e7ada pela perda de sua filha.<\/p>\n","protected":false},"excerpt":{"rendered":"<p>Resumo da novela \u201cQuando me Apaixono\u201d em 11\/12: no cap\u00edtulo 105(*) da novela, Ant\u00f4nio conversa com seu superior no semin\u00e1rio para confessar que precisa denunciar Fina. O Padre lhe d\u00e1 permiss\u00e3o para sair, para que ele possa cuidar de sua culpa. No limite do p\u00e1tio separado, Fina \u00e9 atra\u00edda por Branca atrav\u00e9s das grades. Fina [&hellip;]<\/p>\n","protected":false},"author":4,"featured_media":195893,"comment_status":"closed","ping_status":"closed","sticky":false,"template":"","format":"standard","meta":{"tdm_status":"","tdm_grid_status":"","footnotes":""},"categories":[379,2028,2025,372,343],"tags":[441],"class_list":{"0":"post-201310","1":"post","2":"type-post","3":"status-publish","4":"format-standard","5":"has-post-thumbnail","7":"category-novelas","8":"category-quando-me-apaixono","9":"category-resumo","10":"category-sbt","11":"category-televisao","12":"tag-resumo-do-dia"},"_links":{"self":[{"href":"https:\/\/migracao.redenoticia.com.br\/noticia\/wp-json\/wp\/v2\/posts\/201310","targetHints":{"allow":["GET"]}}],"collection":[{"href":"https:\/\/migracao.redenoticia.com.br\/noticia\/wp-json\/wp\/v2\/posts"}],"about":[{"href":"https:\/\/migracao.redenoticia.com.br\/noticia\/wp-json\/wp\/v2\/types\/post"}],"author":[{"embeddable":true,"href":"https:\/\/migracao.redenoticia.com.br\/noticia\/wp-json\/wp\/v2\/users\/4"}],"replies":[{"embeddable":true,"href":"https:\/\/migracao.redenoticia.com.br\/noticia\/wp-json\/wp\/v2\/comments?post=201310"}],"version-history":[{"count":0,"href":"https:\/\/migracao.redenoticia.com.br\/noticia\/wp-json\/wp\/v2\/posts\/201310\/revisions"}],"wp:featuredmedia":[{"embeddable":true,"href":"https:\/\/migracao.redenoticia.com.br\/noticia\/wp-json\/wp\/v2\/media\/195893"}],"wp:attachment":[{"href":"https:\/\/migracao.redenoticia.com.br\/noticia\/wp-json\/wp\/v2\/media?parent=201310"}],"wp:term":[{"taxonomy":"category","embeddable":true,"href":"https:\/\/migracao.redenoticia.com.br\/noticia\/wp-json\/wp\/v2\/categories?post=201310"},{"taxonomy":"post_tag","embeddable":true,"href":"https:\/\/migracao.redenoticia.com.br\/noticia\/wp-json\/wp\/v2\/tags?post=201310"}],"curies":[{"name":"wp","href":"https:\/\/api.w.org\/{rel}","templated":true}]}}