{"id":201314,"date":"2020-12-10T12:28:31","date_gmt":"2020-12-10T15:28:31","guid":{"rendered":"https:\/\/www.redenoticia.com.br\/noticia\/?p=201314"},"modified":"2020-12-10T12:28:31","modified_gmt":"2020-12-10T15:28:31","slug":"resumo-chiquititas-11-12-matilde-descobre-a-passagem-das-chiquititas","status":"publish","type":"post","link":"https:\/\/migracao.redenoticia.com.br\/noticia\/2020\/resumo-chiquititas-11-12-matilde-descobre-a-passagem-das-chiquititas\/201314","title":{"rendered":"Resumo \u201cChiquititas\u201d 11\/12: Matilde descobre a passagem das chiquititas"},"content":{"rendered":"<p><img loading=\"lazy\" decoding=\"async\" class=\"aligncenter size-full wp-image-195897\" src=\"https:\/\/migracao.redenoticia.com.br\/noticia\/imagens\/chiquititas-resumo-sinopse.jpg\" alt=\"\" width=\"1280\" height=\"720\" srcset=\"https:\/\/migracao.redenoticia.com.br\/noticia\/imagens\/chiquititas-resumo-sinopse.jpg 1280w, https:\/\/migracao.redenoticia.com.br\/noticia\/imagens\/chiquititas-resumo-sinopse-250x140.jpg 250w, https:\/\/migracao.redenoticia.com.br\/noticia\/imagens\/chiquititas-resumo-sinopse-400x225.jpg 400w, https:\/\/migracao.redenoticia.com.br\/noticia\/imagens\/chiquititas-resumo-sinopse-768x432.jpg 768w, https:\/\/migracao.redenoticia.com.br\/noticia\/imagens\/chiquititas-resumo-sinopse-150x85.jpg 150w, https:\/\/migracao.redenoticia.com.br\/noticia\/imagens\/chiquititas-resumo-sinopse-696x392.jpg 696w, https:\/\/migracao.redenoticia.com.br\/noticia\/imagens\/chiquititas-resumo-sinopse-1068x601.jpg 1068w\" sizes=\"auto, (max-width: 1280px) 100vw, 1280px\" \/><\/p>\n<p><strong><em>Resumo da novela \u201cChiquititas\u201d<\/em><\/strong> em 11\/12: no cap\u00edtulo 113(*) da novela, Beto diz que o endere\u00e7o das entregas passados pela Clarita est\u00e1 errado. Maria Cec\u00edlia que est\u00e1 avaliando o desempenho dela e da Erica pergunta o que est\u00e1 acontecendo e acaba chamando a aten\u00e7\u00e3o de Clarita, que n\u00e3o anotou o telefone da pessoa que fez o pedido. Maria Cec\u00edlia diz que a avalia\u00e7\u00e3o acabou e que isso resultou em preju\u00edzo pro Caf\u00e9. Clarita acusa \u00c9rica, que desconversa. Durante a janta, no orfanato Raio de Luz, Dani se recusa a comer a comida de Chico e joga o prato preparado pelo cozinheiro no ch\u00e3o, deixando as demais chiquititas chocadas com a atitude mimada da garota. Carol encontra Jos\u00e9 Ricardo e pede para voltar a trabalhar no orfanato at\u00e9 o processo de ado\u00e7\u00e3o da Dani se finalizar.<\/p>\n<p>Mais tarde, no quarto das meninas, Tati surta ao ver que Dani est\u00e1 dormindo em sua cama novamente. Mili pede para ela ter paci\u00eancia com o per\u00edodo de adapta\u00e7\u00e3o da menina. Matilde escuta a barulheira e arranca Dani da cama de Tati. Na manh\u00e3 seguinte, Carol vai at\u00e9 a sala de Cintia e diz que Jos\u00e9 Ricardo a deixou ser a nova zeladora do orfanato. Cintia n\u00e3o gosta da not\u00edcia. Carol vai acordar Dani e descobre que s\u00f3 tem travesseiros na cama dela. As pequeninas dizem que ela chorou a noite toda. Maria Cec\u00edlia diz no Caf\u00e9 Boutique que tomou sua decis\u00e3o de quem ser\u00e1 a nova caixa e que tanto Clarita, quanto \u00c9rica, est\u00e3o aptas para a nova fun\u00e7\u00e3o. \u00c9rica \u00e9 a escolhida e Clarita fica irritada. Todos saem em busca da Dani no orfanato. Cintia pede para Matilde ficar de olho nas crian\u00e7as para tentar descobrir onde \u00e9 a passagem secreta.<\/p>\n<p>Matilde segue parte das chiquititas e descobre onde fica a passagem. Tati encontra Dani escondida no guarda-roupas de Ernestina, que na verdade \u00e9 Matilde. Tati e Dani conversam e se entendem. Tati aconselha Dani a brincar com todos. As duas se abra\u00e7am e v\u00e3o para a sala. Matilde conta pra Cintia que encontrou a passagem, onde talvez esteja o tesouro. Na mans\u00e3o dos Almeida Campos, Carmen diz pra Gabriela que apesar dela parar de tomar os rem\u00e9dios, jamais ficar\u00e1 boa e voltar\u00e1 a ver Miguel. Assim que Carmen sai, num ato de f\u00faria, Gabriela, que sofre de um grave bloqueio psicol\u00f3gico, destr\u00f3i o quadro de Carmen.<\/p>\n<p>(*) edi\u00e7\u00e3o das novelas do SBT, \u201cChiquititas\u201d, sujeito a altera\u00e7\u00e3o de data e conte\u00fado.<\/p>\n","protected":false},"excerpt":{"rendered":"<p>Resumo da novela \u201cChiquititas\u201d em 11\/12: no cap\u00edtulo 113(*) da novela, Beto diz que o endere\u00e7o das entregas passados pela Clarita est\u00e1 errado. Maria Cec\u00edlia que est\u00e1 avaliando o desempenho dela e da Erica pergunta o que est\u00e1 acontecendo e acaba chamando a aten\u00e7\u00e3o de Clarita, que n\u00e3o anotou o telefone da pessoa que fez [&hellip;]<\/p>\n","protected":false},"author":4,"featured_media":195894,"comment_status":"closed","ping_status":"closed","sticky":false,"template":"","format":"standard","meta":{"tdm_status":"","tdm_grid_status":"","footnotes":""},"categories":[409,379,2025,372,343],"tags":[441],"class_list":{"0":"post-201314","1":"post","2":"type-post","3":"status-publish","4":"format-standard","5":"has-post-thumbnail","7":"category-chiquititas","8":"category-novelas","9":"category-resumo","10":"category-sbt","11":"category-televisao","12":"tag-resumo-do-dia"},"_links":{"self":[{"href":"https:\/\/migracao.redenoticia.com.br\/noticia\/wp-json\/wp\/v2\/posts\/201314","targetHints":{"allow":["GET"]}}],"collection":[{"href":"https:\/\/migracao.redenoticia.com.br\/noticia\/wp-json\/wp\/v2\/posts"}],"about":[{"href":"https:\/\/migracao.redenoticia.com.br\/noticia\/wp-json\/wp\/v2\/types\/post"}],"author":[{"embeddable":true,"href":"https:\/\/migracao.redenoticia.com.br\/noticia\/wp-json\/wp\/v2\/users\/4"}],"replies":[{"embeddable":true,"href":"https:\/\/migracao.redenoticia.com.br\/noticia\/wp-json\/wp\/v2\/comments?post=201314"}],"version-history":[{"count":0,"href":"https:\/\/migracao.redenoticia.com.br\/noticia\/wp-json\/wp\/v2\/posts\/201314\/revisions"}],"wp:featuredmedia":[{"embeddable":true,"href":"https:\/\/migracao.redenoticia.com.br\/noticia\/wp-json\/wp\/v2\/media\/195894"}],"wp:attachment":[{"href":"https:\/\/migracao.redenoticia.com.br\/noticia\/wp-json\/wp\/v2\/media?parent=201314"}],"wp:term":[{"taxonomy":"category","embeddable":true,"href":"https:\/\/migracao.redenoticia.com.br\/noticia\/wp-json\/wp\/v2\/categories?post=201314"},{"taxonomy":"post_tag","embeddable":true,"href":"https:\/\/migracao.redenoticia.com.br\/noticia\/wp-json\/wp\/v2\/tags?post=201314"}],"curies":[{"name":"wp","href":"https:\/\/api.w.org\/{rel}","templated":true}]}}