{"id":201381,"date":"2020-12-12T07:30:25","date_gmt":"2020-12-12T10:30:25","guid":{"rendered":"https:\/\/www.redenoticia.com.br\/noticia\/?p=201381"},"modified":"2020-12-12T07:30:25","modified_gmt":"2020-12-12T10:30:25","slug":"resumo-a-forca-do-querer-14-12-eurico-faz-escandalo-com-foto-de-silvana","status":"publish","type":"post","link":"https:\/\/migracao.redenoticia.com.br\/noticia\/2020\/resumo-a-forca-do-querer-14-12-eurico-faz-escandalo-com-foto-de-silvana\/201381","title":{"rendered":"Resumo &#8220;A For\u00e7a do Querer&#8221; 14\/12: Eurico faz esc\u00e2ndalo com foto de Silvana"},"content":{"rendered":"<p> <img loading=\"lazy\" decoding=\"async\" src=\"https:\/\/migracao.redenoticia.com.br\/noticia\/imagens\/a-forca-do-querer-resumo-sinopse.jpg\" alt=\"\" width=\"1280\" height=\"720\" class=\"aligncenter size-full wp-image-195899\" srcset=\"https:\/\/migracao.redenoticia.com.br\/noticia\/imagens\/a-forca-do-querer-resumo-sinopse.jpg 1280w, https:\/\/migracao.redenoticia.com.br\/noticia\/imagens\/a-forca-do-querer-resumo-sinopse-250x140.jpg 250w, https:\/\/migracao.redenoticia.com.br\/noticia\/imagens\/a-forca-do-querer-resumo-sinopse-400x225.jpg 400w, https:\/\/migracao.redenoticia.com.br\/noticia\/imagens\/a-forca-do-querer-resumo-sinopse-768x432.jpg 768w, https:\/\/migracao.redenoticia.com.br\/noticia\/imagens\/a-forca-do-querer-resumo-sinopse-150x85.jpg 150w, https:\/\/migracao.redenoticia.com.br\/noticia\/imagens\/a-forca-do-querer-resumo-sinopse-696x392.jpg 696w, https:\/\/migracao.redenoticia.com.br\/noticia\/imagens\/a-forca-do-querer-resumo-sinopse-1068x601.jpg 1068w\" sizes=\"auto, (max-width: 1280px) 100vw, 1280px\" \/><\/p>\n<p><em><strong>Resumo da novela \u201cA For\u00e7a do Querer\u201d<\/strong><\/em> em 14\/12: no cap\u00edtulo 072(*) da novela, Mira tenta acalmar Irene. Ruy n\u00e3o gosta de saber que Cibele voltou de viagem. Joyce pensa em Eug\u00eanio. Todos elogiam Abel e Edinalva dan\u00e7ando. Caio v\u00ea Mira com Irene em um t\u00e1xi. Edinalva ouve que a m\u00e3e de Zeca est\u00e1 viva e fica curiosa. Heleninha recebe outra carta de Ot\u00e1vio e acredita que ele esteja voltando. Eug\u00eanio pede para se hospedar na casa de Heleninha. <\/p>\n<p>Aurora repreende Bibi por aceitar fazer o cabelo da mulher do traficante no morro. Caio avisa a Cirilo que visitar\u00e1 uma comunidade com o Secret\u00e1rio de Seguran\u00e7a. Jeiza \u00e9 designada para escoltar o Secret\u00e1rio de Seguran\u00e7a e sua comitiva. Irene descobre que est\u00e1 sendo amea\u00e7ada por Ruy e fica furiosa. Caio pede para Mira n\u00e3o se aproximar de Irene. Joyce acusa Silvana de ser c\u00famplice de Eug\u00eanio. Ritinha encontra Cibele na empresa do marido. Eurico recebe uma foto de Silvana e faz um esc\u00e2ndalo.<\/p>\n<p>(*) edi\u00e7\u00e3o das novelas da Globo, \u201cA For\u00e7a do Querer\u201d, sujeito a altera\u00e7\u00e3o de data e conte\u00fado.<\/p>\n<p>Sinopse \u201cA For\u00e7a do Querer\u201d: esta \u00e9 a hist\u00f3ria de Rita (Isis Valverde), uma jovem apaixonada por si mesma e que adora sentir o fasc\u00ednio que exerce sobre os homens &#8211; assim como as sereias. Zeca (Marco Pigossi) \u00e9 caminhoneiro rude, passional e com um cora\u00e7\u00e3o enorme. Trabalhador, nunca se deixou levar pelos coment\u00e1rios maldosos sobre a personalidade de Rita. Apaixonado pela gata, fica arrasado ao saber de seu envolvimento com Ruy. Orgulhoso, se muda para o Rio de Janeiro para recome\u00e7ar a vida e se aproxima de Jeiza. Ruy (Fiuk) \u00e9 o filho de Eug\u00eanio e Joyce. Est\u00e1 sendo treinado para substituir o pai na empresa da fam\u00edlia. Noivo de Cibele, se encanta por Rita durante uma viagem ao Par\u00e1. <\/p>\n","protected":false},"excerpt":{"rendered":"<p>Resumo da novela \u201cA For\u00e7a do Querer\u201d em 14\/12: no cap\u00edtulo 072(*) da novela, Mira tenta acalmar Irene. Ruy n\u00e3o gosta de saber que Cibele voltou de viagem. Joyce pensa em Eug\u00eanio. Todos elogiam Abel e Edinalva dan\u00e7ando. Caio v\u00ea Mira com Irene em um t\u00e1xi. Edinalva ouve que a m\u00e3e de Zeca est\u00e1 viva [&hellip;]<\/p>\n","protected":false},"author":2,"featured_media":195901,"comment_status":"closed","ping_status":"closed","sticky":false,"template":"","format":"standard","meta":{"tdm_status":"","tdm_grid_status":"","footnotes":""},"categories":[2027,379,375,2025,343],"tags":[441],"class_list":{"0":"post-201381","1":"post","2":"type-post","3":"status-publish","4":"format-standard","5":"has-post-thumbnail","7":"category-a-forca-do-querer","8":"category-novelas","9":"category-rede-globo","10":"category-resumo","11":"category-televisao","12":"tag-resumo-do-dia"},"_links":{"self":[{"href":"https:\/\/migracao.redenoticia.com.br\/noticia\/wp-json\/wp\/v2\/posts\/201381","targetHints":{"allow":["GET"]}}],"collection":[{"href":"https:\/\/migracao.redenoticia.com.br\/noticia\/wp-json\/wp\/v2\/posts"}],"about":[{"href":"https:\/\/migracao.redenoticia.com.br\/noticia\/wp-json\/wp\/v2\/types\/post"}],"author":[{"embeddable":true,"href":"https:\/\/migracao.redenoticia.com.br\/noticia\/wp-json\/wp\/v2\/users\/2"}],"replies":[{"embeddable":true,"href":"https:\/\/migracao.redenoticia.com.br\/noticia\/wp-json\/wp\/v2\/comments?post=201381"}],"version-history":[{"count":0,"href":"https:\/\/migracao.redenoticia.com.br\/noticia\/wp-json\/wp\/v2\/posts\/201381\/revisions"}],"wp:featuredmedia":[{"embeddable":true,"href":"https:\/\/migracao.redenoticia.com.br\/noticia\/wp-json\/wp\/v2\/media\/195901"}],"wp:attachment":[{"href":"https:\/\/migracao.redenoticia.com.br\/noticia\/wp-json\/wp\/v2\/media?parent=201381"}],"wp:term":[{"taxonomy":"category","embeddable":true,"href":"https:\/\/migracao.redenoticia.com.br\/noticia\/wp-json\/wp\/v2\/categories?post=201381"},{"taxonomy":"post_tag","embeddable":true,"href":"https:\/\/migracao.redenoticia.com.br\/noticia\/wp-json\/wp\/v2\/tags?post=201381"}],"curies":[{"name":"wp","href":"https:\/\/api.w.org\/{rel}","templated":true}]}}