{"id":201385,"date":"2020-12-12T07:31:42","date_gmt":"2020-12-12T10:31:42","guid":{"rendered":"https:\/\/www.redenoticia.com.br\/noticia\/?p=201385"},"modified":"2020-12-12T07:31:42","modified_gmt":"2020-12-12T10:31:42","slug":"resumo-quando-me-apaixono-14-12-renata-confronta-fina","status":"publish","type":"post","link":"https:\/\/migracao.redenoticia.com.br\/noticia\/2020\/resumo-quando-me-apaixono-14-12-renata-confronta-fina\/201385","title":{"rendered":"Resumo \u201cQuando me Apaixono\u201d 14\/12: Renata confronta Fina"},"content":{"rendered":"<p> <img loading=\"lazy\" decoding=\"async\" class=\"aligncenter size-full wp-image-195889\" src=\"https:\/\/migracao.redenoticia.com.br\/noticia\/imagens\/quando-me-apaixono-elenco.jpg\" alt=\"\" width=\"1280\" height=\"720\" srcset=\"https:\/\/migracao.redenoticia.com.br\/noticia\/imagens\/quando-me-apaixono-elenco.jpg 1280w, https:\/\/migracao.redenoticia.com.br\/noticia\/imagens\/quando-me-apaixono-elenco-250x140.jpg 250w, https:\/\/migracao.redenoticia.com.br\/noticia\/imagens\/quando-me-apaixono-elenco-400x225.jpg 400w, https:\/\/migracao.redenoticia.com.br\/noticia\/imagens\/quando-me-apaixono-elenco-768x432.jpg 768w, https:\/\/migracao.redenoticia.com.br\/noticia\/imagens\/quando-me-apaixono-elenco-150x85.jpg 150w, https:\/\/migracao.redenoticia.com.br\/noticia\/imagens\/quando-me-apaixono-elenco-696x392.jpg 696w, https:\/\/migracao.redenoticia.com.br\/noticia\/imagens\/quando-me-apaixono-elenco-1068x601.jpg 1068w\" sizes=\"auto, (max-width: 1280px) 100vw, 1280px\" \/><\/p>\n<p><strong><em>Resumo da novela \u201cQuando me Apaixono\u201d<\/em><\/strong> em 14\/12: no cap\u00edtulo 106(*) da novela, Renata decide ver Fina para obter algum tipo de explica\u00e7\u00e3o para todas as maldades contra ela, Regina e o resto da fam\u00edlia. Jer\u00f4nimo n\u00e3o acha que seja uma boa ideia, mas ele ap\u00f3ia sua decis\u00e3o. Na pris\u00e3o, Fina \u00e9 designada para esfregar e limpar os banheiros. Roberta e Augusto tomam o caf\u00e9 da manh\u00e3 na cama do hotel e planejam como v\u00e3o tornar a vida de Renata miser\u00e1vel, e separ\u00e1-la de Jer\u00f4nimo. Augie parece ter um plano, mas guarda segredo.<\/p>\n<p>Fina diz coisas para tentar fazer Renata se sentir mal sobre si mesma. Fina diz a Renata que a ama. Renata n\u00e3o acredita e, a pr\u00f3xima e \u00faltima vez que se ver\u00e3o, ser\u00e1 durante o julgamento de Fina. Jer\u00f4nimo acolhe Renata, fora da pris\u00e3o. Ela diz que se sente melhor por ter confrontado Fina. Eles encontram Roberta na sa\u00edda. Quando Fina \u00e9 trazida para a sala de visitantes, feliz e ansiosa para ver sua filha, ela recebe um grande tapa como cumprimento.<\/p>\n<p>C\u00e9sar n\u00e3o comparece \u00e0 consulta para obter os resultados dos exames. Selena deixa escapar para o m\u00e9dico que Adriana \u00e9 sua namorada, ent\u00e3o ele diz que C\u00e9sar tem um tumor no c\u00e9rebro! Mais testes ser\u00e3o necess\u00e1rios para determinar a gravidade. Adriana jura que vai rastrear a fam\u00edlia dele. Selena pede desculpas a Adriana pela mentira. Adriana diz que est\u00e1 tudo bem, j\u00e1 que C\u00e9sar pensa que ela \u00e9 sua namorada tamb\u00e9m.<\/p>\n<p>(*) edi\u00e7\u00e3o das novelas do SBT, \u201cQuando me Apaixono \u201d, sujeito a altera\u00e7\u00e3o de data e conte\u00fado.<\/p>\n<p>Sinopse \u201cQuando me Apaixono\u201d: A hist\u00f3ria come\u00e7a com o nascimento de duas meninas, Regina e Roberta; ambas s\u00e3o filhas de Roberto Gamba (Sebasti\u00e1n Rulli), mas de m\u00e3es diferentes. Enquanto Regina \u00e9 filha de Regina Sober\u00f3n Gamba (Lidia \u00c1vila\/Julieta Rosen), a esposa leg\u00edtima de Roberto, Roberta \u00e9 filha de Josefina &#8220;Pepa&#8221; \u00c1lvarez Mart\u00ednez (Margarita Maga\u00f1a\/Roc\u00edo Banquells), a amante de Roberto.<\/p>\n<p>Quando Roberto diz a Pepa que n\u00e3o vai deixar sua esposa e sua filha Regina, aquela, cheia de raiva depois de causar a morte de Roberto, decide raptar a filha de Regina para se vingar dela e faz\u00ea-la sofrer. Pepa muda o nome de Regina para Renata e foge com as duas meninas, deixando Regina despeda\u00e7ada pela perda de sua filha.<\/p>\n","protected":false},"excerpt":{"rendered":"<p>Resumo da novela \u201cQuando me Apaixono\u201d em 14\/12: no cap\u00edtulo 106(*) da novela, Renata decide ver Fina para obter algum tipo de explica\u00e7\u00e3o para todas as maldades contra ela, Regina e o resto da fam\u00edlia. Jer\u00f4nimo n\u00e3o acha que seja uma boa ideia, mas ele ap\u00f3ia sua decis\u00e3o. Na pris\u00e3o, Fina \u00e9 designada para esfregar [&hellip;]<\/p>\n","protected":false},"author":2,"featured_media":195893,"comment_status":"closed","ping_status":"closed","sticky":false,"template":"","format":"standard","meta":{"tdm_status":"","tdm_grid_status":"","footnotes":""},"categories":[379,2028,2025,372,343],"tags":[441],"class_list":{"0":"post-201385","1":"post","2":"type-post","3":"status-publish","4":"format-standard","5":"has-post-thumbnail","7":"category-novelas","8":"category-quando-me-apaixono","9":"category-resumo","10":"category-sbt","11":"category-televisao","12":"tag-resumo-do-dia"},"_links":{"self":[{"href":"https:\/\/migracao.redenoticia.com.br\/noticia\/wp-json\/wp\/v2\/posts\/201385","targetHints":{"allow":["GET"]}}],"collection":[{"href":"https:\/\/migracao.redenoticia.com.br\/noticia\/wp-json\/wp\/v2\/posts"}],"about":[{"href":"https:\/\/migracao.redenoticia.com.br\/noticia\/wp-json\/wp\/v2\/types\/post"}],"author":[{"embeddable":true,"href":"https:\/\/migracao.redenoticia.com.br\/noticia\/wp-json\/wp\/v2\/users\/2"}],"replies":[{"embeddable":true,"href":"https:\/\/migracao.redenoticia.com.br\/noticia\/wp-json\/wp\/v2\/comments?post=201385"}],"version-history":[{"count":0,"href":"https:\/\/migracao.redenoticia.com.br\/noticia\/wp-json\/wp\/v2\/posts\/201385\/revisions"}],"wp:featuredmedia":[{"embeddable":true,"href":"https:\/\/migracao.redenoticia.com.br\/noticia\/wp-json\/wp\/v2\/media\/195893"}],"wp:attachment":[{"href":"https:\/\/migracao.redenoticia.com.br\/noticia\/wp-json\/wp\/v2\/media?parent=201385"}],"wp:term":[{"taxonomy":"category","embeddable":true,"href":"https:\/\/migracao.redenoticia.com.br\/noticia\/wp-json\/wp\/v2\/categories?post=201385"},{"taxonomy":"post_tag","embeddable":true,"href":"https:\/\/migracao.redenoticia.com.br\/noticia\/wp-json\/wp\/v2\/tags?post=201385"}],"curies":[{"name":"wp","href":"https:\/\/api.w.org\/{rel}","templated":true}]}}