{"id":201459,"date":"2020-12-14T12:14:16","date_gmt":"2020-12-14T15:14:16","guid":{"rendered":"https:\/\/www.redenoticia.com.br\/noticia\/?p=201459"},"modified":"2020-12-14T12:14:16","modified_gmt":"2020-12-14T15:14:16","slug":"resumo-chiquititas-15-12-carol-e-jose-ricardo-discutem-mais-uma-vez","status":"publish","type":"post","link":"https:\/\/migracao.redenoticia.com.br\/noticia\/2020\/resumo-chiquititas-15-12-carol-e-jose-ricardo-discutem-mais-uma-vez\/201459","title":{"rendered":"Resumo \u201cChiquititas\u201d 15\/12: Carol e Jos\u00e9 Ricardo discutem mais uma vez"},"content":{"rendered":"<p><img loading=\"lazy\" decoding=\"async\" class=\"aligncenter size-full wp-image-195897\" src=\"https:\/\/migracao.redenoticia.com.br\/noticia\/imagens\/chiquititas-resumo-sinopse.jpg\" alt=\"\" width=\"1280\" height=\"720\" srcset=\"https:\/\/migracao.redenoticia.com.br\/noticia\/imagens\/chiquititas-resumo-sinopse.jpg 1280w, https:\/\/migracao.redenoticia.com.br\/noticia\/imagens\/chiquititas-resumo-sinopse-250x140.jpg 250w, https:\/\/migracao.redenoticia.com.br\/noticia\/imagens\/chiquititas-resumo-sinopse-400x225.jpg 400w, https:\/\/migracao.redenoticia.com.br\/noticia\/imagens\/chiquititas-resumo-sinopse-768x432.jpg 768w, https:\/\/migracao.redenoticia.com.br\/noticia\/imagens\/chiquititas-resumo-sinopse-150x85.jpg 150w, https:\/\/migracao.redenoticia.com.br\/noticia\/imagens\/chiquititas-resumo-sinopse-696x392.jpg 696w, https:\/\/migracao.redenoticia.com.br\/noticia\/imagens\/chiquititas-resumo-sinopse-1068x601.jpg 1068w\" sizes=\"auto, (max-width: 1280px) 100vw, 1280px\" \/><\/p>\n<p><strong><em>Resumo da novela \u201cChiquititas\u201d<\/em><\/strong> em 15\/12: no cap\u00edtulo 115(*) da novela, Mosca diz para Pata que Mili pensa muito nos outros e pouco nela mesma. Chico diz para Tati, Bia e Ana que Ernestina, que na verdade \u00e9 Matilde disfar\u00e7ada na irm\u00e3 g\u00eamea, vai procurar um psic\u00f3logo para ficar mais boazinha. Clarita derruba uma bandeira no Caf\u00e9 Boutique e Tobias tenta consolar a amiga. Armando pede para que Tobias ou Clarita fiquem de plant\u00e3o, pois Junior e Maria Cec\u00edlia ficaram at\u00e9 tarde numa reuni\u00e3o. Junior e Maria Cec\u00edlia se elogiam e riem. Tobias fica com ci\u00fames e escuta a conversa dos dois. O barista pergunta se ela gostou das flores que ele mandou para ela, mas ela sai sem responder.<\/p>\n<p>Vivi est\u00e1 novamente na casa de Matias e descobre que ele \u00e9 Duda s\u00e3o melhores amigos. Carol e Jos\u00e9 Ricardo discutem mais uma vez, mas desta vez no orfanato. Tobias, vestido de Tomas Ferraz, rouba um beijo de Maria Cec\u00edlia, que lhe da um tapa no rosto. Ela diz que n\u00e3o ama mais o Tobias, que pede para ela lhe mandar embora. Rafa se disfar\u00e7a de psic\u00f3logo para fazer uma consulta com a Ernestina. Duda vai at\u00e9 a casa de Matias e Vivi se esconde debaixo da cama para n\u00e3o ser reconhecida por Duda. Matias pensa que a garota foi ao banheiro.<\/p>\n<p>(*) edi\u00e7\u00e3o das novelas do SBT, \u201cChiquititas\u201d, sujeito a altera\u00e7\u00e3o de data e conte\u00fado.<\/p>\n","protected":false},"excerpt":{"rendered":"<p>Resumo da novela \u201cChiquititas\u201d em 15\/12: no cap\u00edtulo 115(*) da novela, Mosca diz para Pata que Mili pensa muito nos outros e pouco nela mesma. Chico diz para Tati, Bia e Ana que Ernestina, que na verdade \u00e9 Matilde disfar\u00e7ada na irm\u00e3 g\u00eamea, vai procurar um psic\u00f3logo para ficar mais boazinha. Clarita derruba uma bandeira [&hellip;]<\/p>\n","protected":false},"author":4,"featured_media":195894,"comment_status":"closed","ping_status":"closed","sticky":false,"template":"","format":"standard","meta":{"tdm_status":"","tdm_grid_status":"","footnotes":""},"categories":[409,379,2025,372,343],"tags":[441],"class_list":{"0":"post-201459","1":"post","2":"type-post","3":"status-publish","4":"format-standard","5":"has-post-thumbnail","7":"category-chiquititas","8":"category-novelas","9":"category-resumo","10":"category-sbt","11":"category-televisao","12":"tag-resumo-do-dia"},"_links":{"self":[{"href":"https:\/\/migracao.redenoticia.com.br\/noticia\/wp-json\/wp\/v2\/posts\/201459","targetHints":{"allow":["GET"]}}],"collection":[{"href":"https:\/\/migracao.redenoticia.com.br\/noticia\/wp-json\/wp\/v2\/posts"}],"about":[{"href":"https:\/\/migracao.redenoticia.com.br\/noticia\/wp-json\/wp\/v2\/types\/post"}],"author":[{"embeddable":true,"href":"https:\/\/migracao.redenoticia.com.br\/noticia\/wp-json\/wp\/v2\/users\/4"}],"replies":[{"embeddable":true,"href":"https:\/\/migracao.redenoticia.com.br\/noticia\/wp-json\/wp\/v2\/comments?post=201459"}],"version-history":[{"count":0,"href":"https:\/\/migracao.redenoticia.com.br\/noticia\/wp-json\/wp\/v2\/posts\/201459\/revisions"}],"wp:featuredmedia":[{"embeddable":true,"href":"https:\/\/migracao.redenoticia.com.br\/noticia\/wp-json\/wp\/v2\/media\/195894"}],"wp:attachment":[{"href":"https:\/\/migracao.redenoticia.com.br\/noticia\/wp-json\/wp\/v2\/media?parent=201459"}],"wp:term":[{"taxonomy":"category","embeddable":true,"href":"https:\/\/migracao.redenoticia.com.br\/noticia\/wp-json\/wp\/v2\/categories?post=201459"},{"taxonomy":"post_tag","embeddable":true,"href":"https:\/\/migracao.redenoticia.com.br\/noticia\/wp-json\/wp\/v2\/tags?post=201459"}],"curies":[{"name":"wp","href":"https:\/\/api.w.org\/{rel}","templated":true}]}}