{"id":201501,"date":"2020-12-15T18:52:22","date_gmt":"2020-12-15T21:52:22","guid":{"rendered":"https:\/\/www.redenoticia.com.br\/noticia\/?p=201501"},"modified":"2020-12-15T18:52:22","modified_gmt":"2020-12-15T21:52:22","slug":"resumo-flor-do-caribe-16-12-alberto-suspeita-de-ester","status":"publish","type":"post","link":"https:\/\/migracao.redenoticia.com.br\/noticia\/2020\/resumo-flor-do-caribe-16-12-alberto-suspeita-de-ester\/201501","title":{"rendered":"Resumo \u201cFlor do Caribe\u201d 16\/12: Alberto suspeita de Ester"},"content":{"rendered":"<p> <img loading=\"lazy\" decoding=\"async\" class=\"aligncenter size-full wp-image-197364\" src=\"https:\/\/migracao.redenoticia.com.br\/noticia\/imagens\/flor-do-caribe-resumo-novela.jpg\" alt=\"\" width=\"1280\" height=\"720\" srcset=\"https:\/\/migracao.redenoticia.com.br\/noticia\/imagens\/flor-do-caribe-resumo-novela.jpg 1280w, https:\/\/migracao.redenoticia.com.br\/noticia\/imagens\/flor-do-caribe-resumo-novela-250x140.jpg 250w, https:\/\/migracao.redenoticia.com.br\/noticia\/imagens\/flor-do-caribe-resumo-novela-400x225.jpg 400w, https:\/\/migracao.redenoticia.com.br\/noticia\/imagens\/flor-do-caribe-resumo-novela-768x432.jpg 768w, https:\/\/migracao.redenoticia.com.br\/noticia\/imagens\/flor-do-caribe-resumo-novela-150x85.jpg 150w\" sizes=\"auto, (max-width: 1280px) 100vw, 1280px\" \/><\/p>\n<p><em><strong>Resumo da novela \u201cFlor do Caribe\u201d<\/strong><\/em> em 16\/12: no cap\u00edtulo 093(*) da novela, Alberto e Dion\u00edsio negam que as joias sejam deles. Alberto acompanha Isabel e os agentes at\u00e9 a pol\u00edcia. O piloto finge que n\u00e3o conhece Alberto e ele consegue se livrar da acusa\u00e7\u00e3o. Dion\u00edsio fica furioso com Alberto por ter perdido suas joias. Samuel n\u00e3o se conforma com o fato de Dion\u00edsio ter conseguido escapar da acusa\u00e7\u00e3o de roubo das joias. Lindaura teme por Ester estar na casa de Dion\u00edsio.<\/p>\n<p>Carol conta a Lino que Maria Ad\u00edlia morreu h\u00e1 tr\u00eas anos, segundo v\u00eddeo gravado por seu marido. Mateus amea\u00e7a Lipe. Veridiana n\u00e3o acredita que a filha esteja morta. Dion\u00edsio revela a Alberto que queimou as fotos que estavam no bunker. Alberto pergunta a Ester se foi ela quem fez a den\u00fancia contra ele e Dion\u00edsio para a pol\u00edcia.<\/p>\n<p>(*) edi\u00e7\u00e3o das novelas da Globo, \u201cFlor do Caribe\u201d, sujeito a altera\u00e7\u00e3o de data e conte\u00fado.<\/p>\n<p>Sinopse \u201cFlor do Caribe\u201d: A hist\u00f3ria se passa na fict\u00edcia Vila dos Ventos. Na novela, amigos de inf\u00e2ncia se tornam rivais por um grande amor. Cassiano (Henri Castelli), Ester (Grazi Massafera) e Alberto (Igor Rickli) s\u00e3o amigos de inf\u00e2ncia em Flor do Caribe. As temporadas de f\u00e9rias em Vila dos Ventos aproximaram os tr\u00eas, mas suas vidas seguiram caminhos distintos. Alberto se afasta por alguns anos para receber a forma\u00e7\u00e3o que lhe cabe como herdeiro do imp\u00e9rio constru\u00eddo pela fam\u00edlia Albuquerque, enquanto Ester e Cassiano vivem o amor que sentem um pelo outro e lutam para alcan\u00e7ar seus objetivos.<\/p>\n","protected":false},"excerpt":{"rendered":"<p>Resumo da novela \u201cFlor do Caribe\u201d em 16\/12: no cap\u00edtulo 093(*) da novela, Alberto e Dion\u00edsio negam que as joias sejam deles. Alberto acompanha Isabel e os agentes at\u00e9 a pol\u00edcia. O piloto finge que n\u00e3o conhece Alberto e ele consegue se livrar da acusa\u00e7\u00e3o. Dion\u00edsio fica furioso com Alberto por ter perdido suas joias. [&hellip;]<\/p>\n","protected":false},"author":2,"featured_media":197363,"comment_status":"closed","ping_status":"closed","sticky":false,"template":"","format":"standard","meta":{"tdm_status":"","tdm_grid_status":"","footnotes":""},"categories":[2056,379,375,343],"tags":[441],"class_list":{"0":"post-201501","1":"post","2":"type-post","3":"status-publish","4":"format-standard","5":"has-post-thumbnail","7":"category-flor-de-caribe","8":"category-novelas","9":"category-rede-globo","10":"category-televisao","11":"tag-resumo-do-dia"},"_links":{"self":[{"href":"https:\/\/migracao.redenoticia.com.br\/noticia\/wp-json\/wp\/v2\/posts\/201501","targetHints":{"allow":["GET"]}}],"collection":[{"href":"https:\/\/migracao.redenoticia.com.br\/noticia\/wp-json\/wp\/v2\/posts"}],"about":[{"href":"https:\/\/migracao.redenoticia.com.br\/noticia\/wp-json\/wp\/v2\/types\/post"}],"author":[{"embeddable":true,"href":"https:\/\/migracao.redenoticia.com.br\/noticia\/wp-json\/wp\/v2\/users\/2"}],"replies":[{"embeddable":true,"href":"https:\/\/migracao.redenoticia.com.br\/noticia\/wp-json\/wp\/v2\/comments?post=201501"}],"version-history":[{"count":0,"href":"https:\/\/migracao.redenoticia.com.br\/noticia\/wp-json\/wp\/v2\/posts\/201501\/revisions"}],"wp:featuredmedia":[{"embeddable":true,"href":"https:\/\/migracao.redenoticia.com.br\/noticia\/wp-json\/wp\/v2\/media\/197363"}],"wp:attachment":[{"href":"https:\/\/migracao.redenoticia.com.br\/noticia\/wp-json\/wp\/v2\/media?parent=201501"}],"wp:term":[{"taxonomy":"category","embeddable":true,"href":"https:\/\/migracao.redenoticia.com.br\/noticia\/wp-json\/wp\/v2\/categories?post=201501"},{"taxonomy":"post_tag","embeddable":true,"href":"https:\/\/migracao.redenoticia.com.br\/noticia\/wp-json\/wp\/v2\/tags?post=201501"}],"curies":[{"name":"wp","href":"https:\/\/api.w.org\/{rel}","templated":true}]}}