{"id":201502,"date":"2020-12-15T18:50:23","date_gmt":"2020-12-15T21:50:23","guid":{"rendered":"https:\/\/www.redenoticia.com.br\/noticia\/?p=201502"},"modified":"2020-12-15T18:50:23","modified_gmt":"2020-12-15T21:50:23","slug":"resumo-malhacao-viva-a-diferenca-16-12-lica-recebe-homenagem","status":"publish","type":"post","link":"https:\/\/migracao.redenoticia.com.br\/noticia\/2020\/resumo-malhacao-viva-a-diferenca-16-12-lica-recebe-homenagem\/201502","title":{"rendered":"Resumo \u201cMalha\u00e7\u00e3o\u201d Viva a Diferen\u00e7a 16\/12: Lica recebe homenagem"},"content":{"rendered":"<p> <img loading=\"lazy\" decoding=\"async\" class=\"aligncenter size-full wp-image-197361\" src=\"https:\/\/migracao.redenoticia.com.br\/noticia\/imagens\/malhacao-viva-a-diferenca-elenco-protagonistas.jpg\" alt=\"\" width=\"1280\" height=\"720\" srcset=\"https:\/\/migracao.redenoticia.com.br\/noticia\/imagens\/malhacao-viva-a-diferenca-elenco-protagonistas.jpg 1280w, https:\/\/migracao.redenoticia.com.br\/noticia\/imagens\/malhacao-viva-a-diferenca-elenco-protagonistas-250x140.jpg 250w, https:\/\/migracao.redenoticia.com.br\/noticia\/imagens\/malhacao-viva-a-diferenca-elenco-protagonistas-400x225.jpg 400w, https:\/\/migracao.redenoticia.com.br\/noticia\/imagens\/malhacao-viva-a-diferenca-elenco-protagonistas-768x432.jpg 768w, https:\/\/migracao.redenoticia.com.br\/noticia\/imagens\/malhacao-viva-a-diferenca-elenco-protagonistas-150x85.jpg 150w\" sizes=\"auto, (max-width: 1280px) 100vw, 1280px\" \/><\/p>\n<p><em><strong>Resumo da novela \u201cMalha\u00e7\u00e3o\u201d Viva a Diferen\u00e7a<\/strong><\/em> em 16\/12: no cap\u00edtulo 182(*) da novela, Lagostins se apresentam no Col\u00e9gio<\/p>\n<p>Tina sai de casa. Felipe e MB lamentam a sa\u00edda de Lica do Col\u00e9gio Grupo. Gabriel chega para sua temporada com Roney. Tina pede para morar na casa de Das Dores, e Nena exige que ela avise \u00e0 sua fam\u00edlia. Noboru tem uma conversa com Anderson e decide permitir que Tina se mude para a casa do rapaz. Noboru afirma a Mitsuko que ela est\u00e1 afastando suas filhas.<\/p>\n<p>Felipe avisa a Ellen sobre a festa de despedida de Lica. Os Lagostins se apresentam no Col\u00e9gio Grupo, em homenagem a Lica, que se despede da escola.<\/p>\n<p>(*) edi\u00e7\u00e3o das novelas da Globo, \u201cMalha\u00e7\u00e3o\u201d Viva a Diferen\u00e7a, sujeito a altera\u00e7\u00e3o de data e conte\u00fado.<\/p>\n<p>Sinopse \u201cMalha\u00e7\u00e3o\u201d Viva a Diferen\u00e7a: No vibrante e ca\u00f3tico universo de S\u00e3o Paulo, Keyla (Gabriela Medvedovski), Ben\u00ea (Daphne Bozaski), Tina (Ana Hikari), Lica (Manoela Aliperti) e Ellen (Heslaine Vieira), cinco adolescentes que n\u00e3o se conheciam, se veem presas sozinhas no mesmo vag\u00e3o de metr\u00f4 por obra do acaso durante uma pane em um dia chuvoso. Como se n\u00e3o bastasse a tens\u00e3o natural da situa\u00e7\u00e3o, Keyla entra em trabalho de parto e elas se unem em solidariedade para ajud\u00e1-la no nascimento do beb\u00ea mesmo sem recursos dispon\u00edveis no local, criando um v\u00ednculo de amizade entre cinco garotas com backgrounds e personalidades completamente diferentes.<\/p>\n","protected":false},"excerpt":{"rendered":"<p>Resumo da novela \u201cMalha\u00e7\u00e3o\u201d Viva a Diferen\u00e7a em 16\/12: no cap\u00edtulo 182(*) da novela, Lagostins se apresentam no Col\u00e9gio Tina sai de casa. Felipe e MB lamentam a sa\u00edda de Lica do Col\u00e9gio Grupo. Gabriel chega para sua temporada com Roney. Tina pede para morar na casa de Das Dores, e Nena exige que ela [&hellip;]<\/p>\n","protected":false},"author":2,"featured_media":197368,"comment_status":"closed","ping_status":"closed","sticky":false,"template":"","format":"standard","meta":{"tdm_status":"","tdm_grid_status":"","footnotes":""},"categories":[447,379,375,343],"tags":[441],"class_list":{"0":"post-201502","1":"post","2":"type-post","3":"status-publish","4":"format-standard","5":"has-post-thumbnail","7":"category-malhacao","8":"category-novelas","9":"category-rede-globo","10":"category-televisao","11":"tag-resumo-do-dia"},"_links":{"self":[{"href":"https:\/\/migracao.redenoticia.com.br\/noticia\/wp-json\/wp\/v2\/posts\/201502","targetHints":{"allow":["GET"]}}],"collection":[{"href":"https:\/\/migracao.redenoticia.com.br\/noticia\/wp-json\/wp\/v2\/posts"}],"about":[{"href":"https:\/\/migracao.redenoticia.com.br\/noticia\/wp-json\/wp\/v2\/types\/post"}],"author":[{"embeddable":true,"href":"https:\/\/migracao.redenoticia.com.br\/noticia\/wp-json\/wp\/v2\/users\/2"}],"replies":[{"embeddable":true,"href":"https:\/\/migracao.redenoticia.com.br\/noticia\/wp-json\/wp\/v2\/comments?post=201502"}],"version-history":[{"count":0,"href":"https:\/\/migracao.redenoticia.com.br\/noticia\/wp-json\/wp\/v2\/posts\/201502\/revisions"}],"wp:featuredmedia":[{"embeddable":true,"href":"https:\/\/migracao.redenoticia.com.br\/noticia\/wp-json\/wp\/v2\/media\/197368"}],"wp:attachment":[{"href":"https:\/\/migracao.redenoticia.com.br\/noticia\/wp-json\/wp\/v2\/media?parent=201502"}],"wp:term":[{"taxonomy":"category","embeddable":true,"href":"https:\/\/migracao.redenoticia.com.br\/noticia\/wp-json\/wp\/v2\/categories?post=201502"},{"taxonomy":"post_tag","embeddable":true,"href":"https:\/\/migracao.redenoticia.com.br\/noticia\/wp-json\/wp\/v2\/tags?post=201502"}],"curies":[{"name":"wp","href":"https:\/\/api.w.org\/{rel}","templated":true}]}}