{"id":201503,"date":"2020-12-15T18:49:21","date_gmt":"2020-12-15T21:49:21","guid":{"rendered":"https:\/\/www.redenoticia.com.br\/noticia\/?p=201503"},"modified":"2020-12-15T18:49:21","modified_gmt":"2020-12-15T21:49:21","slug":"resumo-lacos-de-familia-16-12-danilo-tira-alma-dos-bracos-de-romeu","status":"publish","type":"post","link":"https:\/\/migracao.redenoticia.com.br\/noticia\/2020\/resumo-lacos-de-familia-16-12-danilo-tira-alma-dos-bracos-de-romeu\/201503","title":{"rendered":"Resumo \u201cLa\u00e7os de Fam\u00edlia\u201d 16\/12: Danilo tira Alma dos bra\u00e7os de Romeu"},"content":{"rendered":"<p> <img loading=\"lazy\" decoding=\"async\" class=\"aligncenter size-full wp-image-197365\" src=\"https:\/\/migracao.redenoticia.com.br\/noticia\/imagens\/lacos-de-familia-resumo-sinopse-elenco-helena-camila-edu.jpg\" alt=\"\" width=\"1280\" height=\"720\" srcset=\"https:\/\/migracao.redenoticia.com.br\/noticia\/imagens\/lacos-de-familia-resumo-sinopse-elenco-helena-camila-edu.jpg 1280w, https:\/\/migracao.redenoticia.com.br\/noticia\/imagens\/lacos-de-familia-resumo-sinopse-elenco-helena-camila-edu-250x140.jpg 250w, https:\/\/migracao.redenoticia.com.br\/noticia\/imagens\/lacos-de-familia-resumo-sinopse-elenco-helena-camila-edu-400x225.jpg 400w, https:\/\/migracao.redenoticia.com.br\/noticia\/imagens\/lacos-de-familia-resumo-sinopse-elenco-helena-camila-edu-768x432.jpg 768w, https:\/\/migracao.redenoticia.com.br\/noticia\/imagens\/lacos-de-familia-resumo-sinopse-elenco-helena-camila-edu-150x85.jpg 150w\" sizes=\"auto, (max-width: 1280px) 100vw, 1280px\" \/><\/p>\n<p><em><strong>Resumo da novela \u201cLa\u00e7os de Fam\u00edlia\u201d<\/strong><\/em> em 16\/12: no cap\u00edtulo 073(*) da novela, os dois prendem a respira\u00e7\u00e3o. C\u00edntia finge estar tomando banho e depois vai embora com \u00cdris. Pedro permanece escondido algum tempo. Danilo tira Alma dos bra\u00e7os de Romeu e a beija. Orlando pede desculpas a Miguel. Camila sente-se mal. Yvete tira fotos da festinha na casa de Helena, na qual todos se divertem. Paulo sofre ao ver Capitu e Fred dan\u00e7ando enamorados. <\/p>\n<p>Pedro observa C\u00edntia e Romeu dan\u00e7ando. Os fogos de artif\u00edcio explodem marcando o final da festa. Paulo e Capitu conversam na pracinha e ele promete que vai estar sempre ao lado dela. Todos l\u00eaem a repercuss\u00e3o da festa de Alma nas revistas. Pedro aconselha Ingrid a pesquisar antes de comprar um apartamento. Helena se surpreende com a visita de Miguel e os dois saem para almo\u00e7ar. Camila e Edu entram no mesmo restaurante.<\/p>\n<p>(*) edi\u00e7\u00e3o das novelas da Globo, \u201cLa\u00e7os de Fam\u00edlia\u201d, sujeito a altera\u00e7\u00e3o de data e conte\u00fado.<\/p>\n<p>Sinopse &#8220;La\u00e7os de Fam\u00edlia&#8221;: Helena (Vera Fischer) est\u00e1 a caminho da praia quando seu carro se choca com o do jovem m\u00e9dico Edu (Reynaldo Gianecchini). De in\u00edcio os dois se estranham, mas depois acabam se envolvendo. O acidente acontece em frente \u00e0 livraria Dom Casmurro, de propriedade de Miguel (Tony Ramos), que se encanta imediatamente por ela. Helena \u00e9 m\u00e3e de Camila (Carolina Dieckmann). Com o tempo, Camila descobre que est\u00e1 apaixonada por Edu e que \u00e9 correspondida.<\/p>\n","protected":false},"excerpt":{"rendered":"<p>Resumo da novela \u201cLa\u00e7os de Fam\u00edlia\u201d em 16\/12: no cap\u00edtulo 073(*) da novela, os dois prendem a respira\u00e7\u00e3o. C\u00edntia finge estar tomando banho e depois vai embora com \u00cdris. Pedro permanece escondido algum tempo. Danilo tira Alma dos bra\u00e7os de Romeu e a beija. Orlando pede desculpas a Miguel. Camila sente-se mal. Yvete tira fotos [&hellip;]<\/p>\n","protected":false},"author":2,"featured_media":197366,"comment_status":"closed","ping_status":"closed","sticky":false,"template":"","format":"standard","meta":{"tdm_status":"","tdm_grid_status":"","footnotes":""},"categories":[2061,379,375,343],"tags":[441],"class_list":{"0":"post-201503","1":"post","2":"type-post","3":"status-publish","4":"format-standard","5":"has-post-thumbnail","7":"category-lacos-de-familia","8":"category-novelas","9":"category-rede-globo","10":"category-televisao","11":"tag-resumo-do-dia"},"_links":{"self":[{"href":"https:\/\/migracao.redenoticia.com.br\/noticia\/wp-json\/wp\/v2\/posts\/201503","targetHints":{"allow":["GET"]}}],"collection":[{"href":"https:\/\/migracao.redenoticia.com.br\/noticia\/wp-json\/wp\/v2\/posts"}],"about":[{"href":"https:\/\/migracao.redenoticia.com.br\/noticia\/wp-json\/wp\/v2\/types\/post"}],"author":[{"embeddable":true,"href":"https:\/\/migracao.redenoticia.com.br\/noticia\/wp-json\/wp\/v2\/users\/2"}],"replies":[{"embeddable":true,"href":"https:\/\/migracao.redenoticia.com.br\/noticia\/wp-json\/wp\/v2\/comments?post=201503"}],"version-history":[{"count":0,"href":"https:\/\/migracao.redenoticia.com.br\/noticia\/wp-json\/wp\/v2\/posts\/201503\/revisions"}],"wp:featuredmedia":[{"embeddable":true,"href":"https:\/\/migracao.redenoticia.com.br\/noticia\/wp-json\/wp\/v2\/media\/197366"}],"wp:attachment":[{"href":"https:\/\/migracao.redenoticia.com.br\/noticia\/wp-json\/wp\/v2\/media?parent=201503"}],"wp:term":[{"taxonomy":"category","embeddable":true,"href":"https:\/\/migracao.redenoticia.com.br\/noticia\/wp-json\/wp\/v2\/categories?post=201503"},{"taxonomy":"post_tag","embeddable":true,"href":"https:\/\/migracao.redenoticia.com.br\/noticia\/wp-json\/wp\/v2\/tags?post=201503"}],"curies":[{"name":"wp","href":"https:\/\/api.w.org\/{rel}","templated":true}]}}