{"id":201706,"date":"2020-12-21T11:31:22","date_gmt":"2020-12-21T14:31:22","guid":{"rendered":"https:\/\/www.redenoticia.com.br\/noticia\/?p=201706"},"modified":"2020-12-21T11:31:22","modified_gmt":"2020-12-21T14:31:22","slug":"resumo-chiquititas-22-12-carol-avisa-que-uma-menina-vai-morar-no-orfanato","status":"publish","type":"post","link":"https:\/\/migracao.redenoticia.com.br\/noticia\/2020\/resumo-chiquititas-22-12-carol-avisa-que-uma-menina-vai-morar-no-orfanato\/201706","title":{"rendered":"Resumo \u201cChiquititas\u201d 22\/12: Carol avisa que uma menina vai morar no orfanato"},"content":{"rendered":"<p><img loading=\"lazy\" decoding=\"async\" class=\"aligncenter size-full wp-image-195897\" src=\"https:\/\/migracao.redenoticia.com.br\/noticia\/imagens\/chiquititas-resumo-sinopse.jpg\" alt=\"\" width=\"1280\" height=\"720\" srcset=\"https:\/\/migracao.redenoticia.com.br\/noticia\/imagens\/chiquititas-resumo-sinopse.jpg 1280w, https:\/\/migracao.redenoticia.com.br\/noticia\/imagens\/chiquititas-resumo-sinopse-250x140.jpg 250w, https:\/\/migracao.redenoticia.com.br\/noticia\/imagens\/chiquititas-resumo-sinopse-400x225.jpg 400w, https:\/\/migracao.redenoticia.com.br\/noticia\/imagens\/chiquititas-resumo-sinopse-768x432.jpg 768w, https:\/\/migracao.redenoticia.com.br\/noticia\/imagens\/chiquititas-resumo-sinopse-150x85.jpg 150w, https:\/\/migracao.redenoticia.com.br\/noticia\/imagens\/chiquititas-resumo-sinopse-696x392.jpg 696w, https:\/\/migracao.redenoticia.com.br\/noticia\/imagens\/chiquititas-resumo-sinopse-1068x601.jpg 1068w\" sizes=\"auto, (max-width: 1280px) 100vw, 1280px\" \/><\/p>\n<p><strong><em>Resumo da novela \u201cChiquititas\u201d<\/em><\/strong> em 22\/12: no cap\u00edtulo 119(*) da novela, Vivi se enrola cada vez mais com sua mentira<\/p>\n<p>Durante a grava\u00e7\u00e3o do comercial do Caf\u00e9 Boutique, o diretor decide que \u00c9rica ser\u00e1 a figurante que servir\u00e1 o caf\u00e9 para Tom\u00e1s Ferraz. No orfanato, Matilde continua se fazendo passar por Ernestina e sustentando a mentira de que est\u00e1 fazendo tratamento psicol\u00f3gico. A vil\u00e3 mente para Chico, diz que o ama e que quer continuar a namorar com ele. Ing\u00eanuo, Chico fica feliz e acredita. No Caf\u00e9 Boutique, durante a grava\u00e7\u00e3o do comercial, Tom\u00e1s Ferraz, que na verdade \u00e9 Tobias disfar\u00e7ado, reclama do caf\u00e9 preparado por Francis e diz que est\u00e1 \u00e1cido. Carmen vai ao orfanato e manda que Ernestina, que na verdade \u00e9 Matilde, pendure o novo quadro com seu retrato na diretoria. Carmen pro\u00edbe que qualquer um tire o quadro do local. Bia n\u00e3o concorda com o perd\u00e3o dado a Ernestina e decide enviar uma carta an\u00f4nima relatando tudo o que aconteceu.<\/p>\n<p>Carmen, que est\u00e1 na diretoria, encontra o bilhete e fica enfurecida ao ler as den\u00fancias. Cintia aparece e tenta defender Ernestina. Carmen vai falar com as chiquititas para averiguar as informa\u00e7\u00f5es e garante que se tudo for verdade mandar\u00e1 embora a zeladora. Todos mant\u00eam o combinado e dizem que n\u00e3o \u00e9 verdade o conte\u00fado da den\u00fancia. Bia \u00e9 a \u00fanica que diz a verdade, mas acaba voltando atr\u00e1s ao ver que Chico fica triste. Carmen n\u00e3o se d\u00e1 por satisfeita, mas aceita o que as chiquititas disseram. Chico conta para as demais crian\u00e7as que voltou a namorar Ernestina. No Caf\u00e9 Boutique, Francis \u00e9 ganancioso e faz de tudo para tentar aparecer para o diretor e at\u00e9 para Beto, que ali\u00e1s descobre que o novo barista \u00e9 o rapaz que Clarita havia dito que estava namorando.<\/p>\n<p>Cintia recebe um telefonema de Jos\u00e9 Ricardo comunicando que Maria vai ser a mais nova chiquitita. Ao desligar o telefone Cintia fica enfurecida. Carmen, que est\u00e1 na mans\u00e3o dos Almeida Campos, estranha a atitude de Cintia. O quadro com seu retrato na diretoria possui uma c\u00e2mera e microfone escondido para que ela possa saber tudo o que est\u00e1 acontecendo e assim tentar descobrir o motivo pelo qual Cintia quer tanto reformar o orfanato. Anoitece, Maria conversa com a boneca Laura e diz que se sente muito bem e segura com Carol. A menina diz que gostaria que a boneca falasse com ela para poderem brincar como melhores amigas. Na manh\u00e3 seguinte, ao acordar, Laura (Amanda Furtado) se transforma como magia e vira uma menina de verdade e come\u00e7a a conversar com Maria.<\/p>\n<p>Laura diz que o pedido dela foi atendido por uma estrela cadente e enquanto houver pureza infantil no cora\u00e7\u00e3o de Maria, elas sempre estar\u00e3o juntas e conversando. Laura lembra que apenas Maria sabe que ela pode virar real e que n\u00e3o deve contar isso para nenhum adulto. Maria fica muito feliz. No Caf\u00e9 Boutique, Clarita inventa uma hist\u00f3ria para convencer Francis a tirarem fotos juntos. Tudo para fazer ci\u00fames em Beto. O plano d\u00e1 certo. Carol chega ao orfanato e se depara com Fernando (Paulo Leal) brincando de m\u00edmica com as chiquititas e fica feliz em ver todos se divertindo. Carol avisa que uma nova menina vir\u00e1 morar no orfanato.<\/p>\n<p>Enquanto isso, Vivi se enrola cada vez mais com a mentira que inventou para Matias, pois o pai do menino exige que ela leve seus pais para jantarem na casa dele. Dani fica enciumada ao saber que Maria est\u00e1 na casa de Carol. Vivi chora no jardim do orfanato ao ensaiar como dizer toda a verdade para Matias. Por\u00e9m, Ferrashi aparece no orfanato para ver as obras e v\u00ea Vivi. A menina aproveita que Carol e Fernando est\u00e3o perto e apresenta os dois como seus pais. Ferrashi convida os dois para um jantar. Vivi diz que est\u00e1 namorando o filho dele, o Matias. Assim que o engenheiro sai, Vivi tenta explicar para Carol, que exige que ela conte a verdade o quanto antes para Matias.<\/p>\n<p>(*) edi\u00e7\u00e3o das novelas do SBT, \u201cChiquititas\u201d, sujeito a altera\u00e7\u00e3o de data e conte\u00fado.<\/p>\n","protected":false},"excerpt":{"rendered":"<p>Resumo da novela \u201cChiquititas\u201d em 22\/12: no cap\u00edtulo 119(*) da novela, Vivi se enrola cada vez mais com sua mentira Durante a grava\u00e7\u00e3o do comercial do Caf\u00e9 Boutique, o diretor decide que \u00c9rica ser\u00e1 a figurante que servir\u00e1 o caf\u00e9 para Tom\u00e1s Ferraz. No orfanato, Matilde continua se fazendo passar por Ernestina e sustentando a [&hellip;]<\/p>\n","protected":false},"author":4,"featured_media":195894,"comment_status":"closed","ping_status":"closed","sticky":false,"template":"","format":"standard","meta":{"tdm_status":"","tdm_grid_status":"","footnotes":""},"categories":[409,379,2025,372,343],"tags":[441],"class_list":{"0":"post-201706","1":"post","2":"type-post","3":"status-publish","4":"format-standard","5":"has-post-thumbnail","7":"category-chiquititas","8":"category-novelas","9":"category-resumo","10":"category-sbt","11":"category-televisao","12":"tag-resumo-do-dia"},"_links":{"self":[{"href":"https:\/\/migracao.redenoticia.com.br\/noticia\/wp-json\/wp\/v2\/posts\/201706","targetHints":{"allow":["GET"]}}],"collection":[{"href":"https:\/\/migracao.redenoticia.com.br\/noticia\/wp-json\/wp\/v2\/posts"}],"about":[{"href":"https:\/\/migracao.redenoticia.com.br\/noticia\/wp-json\/wp\/v2\/types\/post"}],"author":[{"embeddable":true,"href":"https:\/\/migracao.redenoticia.com.br\/noticia\/wp-json\/wp\/v2\/users\/4"}],"replies":[{"embeddable":true,"href":"https:\/\/migracao.redenoticia.com.br\/noticia\/wp-json\/wp\/v2\/comments?post=201706"}],"version-history":[{"count":0,"href":"https:\/\/migracao.redenoticia.com.br\/noticia\/wp-json\/wp\/v2\/posts\/201706\/revisions"}],"wp:featuredmedia":[{"embeddable":true,"href":"https:\/\/migracao.redenoticia.com.br\/noticia\/wp-json\/wp\/v2\/media\/195894"}],"wp:attachment":[{"href":"https:\/\/migracao.redenoticia.com.br\/noticia\/wp-json\/wp\/v2\/media?parent=201706"}],"wp:term":[{"taxonomy":"category","embeddable":true,"href":"https:\/\/migracao.redenoticia.com.br\/noticia\/wp-json\/wp\/v2\/categories?post=201706"},{"taxonomy":"post_tag","embeddable":true,"href":"https:\/\/migracao.redenoticia.com.br\/noticia\/wp-json\/wp\/v2\/tags?post=201706"}],"curies":[{"name":"wp","href":"https:\/\/api.w.org\/{rel}","templated":true}]}}