{"id":201729,"date":"2020-12-22T11:47:19","date_gmt":"2020-12-22T14:47:19","guid":{"rendered":"https:\/\/www.redenoticia.com.br\/noticia\/?p=201729"},"modified":"2020-12-22T11:47:19","modified_gmt":"2020-12-22T14:47:19","slug":"resumo-quando-me-apaixono-23-12-fina-vai-para-o-manicomio-feminino","status":"publish","type":"post","link":"https:\/\/migracao.redenoticia.com.br\/noticia\/2020\/resumo-quando-me-apaixono-23-12-fina-vai-para-o-manicomio-feminino\/201729","title":{"rendered":"Resumo \u201cQuando me Apaixono\u201d 23\/12: Fina vai para o manic\u00f4mio feminino"},"content":{"rendered":"<p><img loading=\"lazy\" decoding=\"async\" class=\"aligncenter size-full wp-image-195889\" src=\"https:\/\/migracao.redenoticia.com.br\/noticia\/imagens\/quando-me-apaixono-elenco.jpg\" alt=\"\" width=\"1280\" height=\"720\" srcset=\"https:\/\/migracao.redenoticia.com.br\/noticia\/imagens\/quando-me-apaixono-elenco.jpg 1280w, https:\/\/migracao.redenoticia.com.br\/noticia\/imagens\/quando-me-apaixono-elenco-250x140.jpg 250w, https:\/\/migracao.redenoticia.com.br\/noticia\/imagens\/quando-me-apaixono-elenco-400x225.jpg 400w, https:\/\/migracao.redenoticia.com.br\/noticia\/imagens\/quando-me-apaixono-elenco-768x432.jpg 768w, https:\/\/migracao.redenoticia.com.br\/noticia\/imagens\/quando-me-apaixono-elenco-150x85.jpg 150w, https:\/\/migracao.redenoticia.com.br\/noticia\/imagens\/quando-me-apaixono-elenco-696x392.jpg 696w, https:\/\/migracao.redenoticia.com.br\/noticia\/imagens\/quando-me-apaixono-elenco-1068x601.jpg 1068w\" sizes=\"auto, (max-width: 1280px) 100vw, 1280px\" \/><\/p>\n<p><strong><em>Resumo da novela \u201cQuando me Apaixono\u201d<\/em><\/strong> em 23\/12: no cap\u00edtulo 113(*) da novela, Jer\u00f4nimo se desculpa e diz que foi honesto com Marina, desde o in\u00edcio. Augusto pergunta a Ezequiel se algu\u00e9m ouviu falar de Aurora. Jer\u00f4nimo e Renata desfrutam do caf\u00e9 da manh\u00e3 na cama. Benjamim e Adriana mostram a C\u00e9sar seu novo restaurante. Neves entra no consult\u00f3rio de um m\u00e9dico para roubar dinheiro do cofre. Todas as damas da fazenda ajudam Karina a se preparar para o casamento. Jer\u00f4nimo fala com Marina. Ela est\u00e1 animada, mas nervosa por ter g\u00eameos. Renata se encontra com Roberta na sala de espera do hospital. Roberta fala dos g\u00eameos.<\/p>\n<p>O psiquiatra examina o arquivo de Fina e se preocupa com seu estado de esp\u00edrito. Fina o encara sem responder. Renata implora a Roberta para n\u00e3o falar sobre os g\u00eameos. Roberta pergunta por que Renata acha que Augusto \u00e9 um assassino. Regina e Constan\u00e7a avisam Renata que a Mans\u00e3o Monterrubio agora \u00e9 dela. O m\u00e9dico enlouquece com seu cofre vazio. Carlos, no laborat\u00f3rio, se machuca. Gon\u00e7alo chega em casa e \u00e9 confortado por sua fam\u00edlia. Fina \u00e9 avaliada e sussurra: &#8220;Eu sou Regina Soberon!&#8221; Renata e Jer\u00f4nimo chegam \u00e0 fazenda e s\u00e3o recebidos calorosamente por Carlos e Matilde.<\/p>\n<p>Chega o dia da senten\u00e7a de Fina. O juiz declara Fina mentalmente inst\u00e1vel e decide mand\u00e1-la para o manic\u00f4mio feminino. Os Monterrubios e amigos ficam indignados e Regina come\u00e7a a chorar. Fina d\u00e1 uma piscadela para Regina. Sozinha em seu quarto, Roberta comenta que Fina vai passar o resto de seus dias atr\u00e1s das grades. Regina chora sobre a piscadela de Fina. Ela se pergunta o que Fina teria a ganhar bancando a louca. Regina n\u00e3o se consola com o fato de que Fina ficar\u00e1 na pris\u00e3o perp\u00e9tua. Fina ri em sua mente: &#8220;Voc\u00ea acha que isso \u00e9 um adeus, mas \u00e9 apenas um &#8216;at\u00e9 logo&#8217;, Regina. E para o resto dos Monterrubios!&#8221;<\/p>\n<p>Matias d\u00e1 a Gon\u00e7alo um computador para que ele possa digitar seus pensamentos e ouvir m\u00fasica. Matias promete que Fina nunca mais far\u00e1 mal a nenhum deles. Regina fala \u00e0 imprensa sobre o veredicto. Antonio diz a todos que vai continuar no caminho de ser padre. Ele vai estudar em uma par\u00f3quia em Ensenada, principalmente porque Renata e Jer\u00f4nimo moram l\u00e1. Regina n\u00e3o consegue tirar a piscadela de Fina de sua mente. Matilde e Alzira conversam com Karina e a provocam sobre o nervosismo pr\u00e9-casamento. Le\u00f4ncio cumprimenta Neves, vestido com um disfarce, em um ponto de \u00f4nibus.<\/p>\n<p>A enfermeira convence Marina a ir ao casamento. Ezequiel garante a Augusto que Renata e Jer\u00f4nimo estar\u00e3o no casamento. Renata pergunta sobre a senten\u00e7a de Fina a Constan\u00e7a. Regina volta para casa e abra\u00e7a Gon\u00e7alo. Ela conta a Matias sobre o veredicto. Os policiais tiram as algemas de Fina e a deixam no gramado manic\u00f4mio. Ela e Branca se parabenizam pela vilania. Branca tem o diretor sob seu controle e dar\u00e1 boas-vindas a Fina. Elas concordam em come\u00e7ar a vingan\u00e7a imediatamente. Seus primeiros alvos: Constan\u00e7a e Regina.<\/p>\n<p>Le\u00f4ncio sinaliza para um motorista, Neves o acerta com uma vara, rouba suas roupas e cola no rosto uma barba de fantasia. O motorista fica amarrado, de cuecas. Manuela entrega o vestido de noiva rec\u00e9m-passado de Karina. Ela tem certeza de que o casamento ser\u00e1 maravilhoso, porque o amor resistiu a tantos obst\u00e1culos. Fina est\u00e1 inquieta por Roberta n\u00e3o ter ido visit\u00e1-la. Augusto se lembra de Renata.<\/p>\n<p>(*) edi\u00e7\u00e3o das novelas do SBT, \u201cQuando me Apaixono \u201d, sujeito a altera\u00e7\u00e3o de data e conte\u00fado.<\/p>\n<p>Sinopse \u201cQuando me Apaixono\u201d: A hist\u00f3ria come\u00e7a com o nascimento de duas meninas, Regina e Roberta; ambas s\u00e3o filhas de Roberto Gamba (Sebasti\u00e1n Rulli), mas de m\u00e3es diferentes. Enquanto Regina \u00e9 filha de Regina Sober\u00f3n Gamba (Lidia \u00c1vila\/Julieta Rosen), a esposa leg\u00edtima de Roberto, Roberta \u00e9 filha de Josefina &#8220;Pepa&#8221; \u00c1lvarez Mart\u00ednez (Margarita Maga\u00f1a\/Roc\u00edo Banquells), a amante de Roberto.<\/p>\n<p>Quando Roberto diz a Pepa que n\u00e3o vai deixar sua esposa e sua filha Regina, aquela, cheia de raiva depois de causar a morte de Roberto, decide raptar a filha de Regina para se vingar dela e faz\u00ea-la sofrer. Pepa muda o nome de Regina para Renata e foge com as duas meninas, deixando Regina despeda\u00e7ada pela perda de sua filha.<\/p>\n","protected":false},"excerpt":{"rendered":"<p>Resumo da novela \u201cQuando me Apaixono\u201d em 23\/12: no cap\u00edtulo 113(*) da novela, Jer\u00f4nimo se desculpa e diz que foi honesto com Marina, desde o in\u00edcio. Augusto pergunta a Ezequiel se algu\u00e9m ouviu falar de Aurora. Jer\u00f4nimo e Renata desfrutam do caf\u00e9 da manh\u00e3 na cama. Benjamim e Adriana mostram a C\u00e9sar seu novo restaurante. [&hellip;]<\/p>\n","protected":false},"author":4,"featured_media":195893,"comment_status":"closed","ping_status":"closed","sticky":false,"template":"","format":"standard","meta":{"tdm_status":"","tdm_grid_status":"","footnotes":""},"categories":[379,2028,2025,372,343],"tags":[441],"class_list":{"0":"post-201729","1":"post","2":"type-post","3":"status-publish","4":"format-standard","5":"has-post-thumbnail","7":"category-novelas","8":"category-quando-me-apaixono","9":"category-resumo","10":"category-sbt","11":"category-televisao","12":"tag-resumo-do-dia"},"_links":{"self":[{"href":"https:\/\/migracao.redenoticia.com.br\/noticia\/wp-json\/wp\/v2\/posts\/201729","targetHints":{"allow":["GET"]}}],"collection":[{"href":"https:\/\/migracao.redenoticia.com.br\/noticia\/wp-json\/wp\/v2\/posts"}],"about":[{"href":"https:\/\/migracao.redenoticia.com.br\/noticia\/wp-json\/wp\/v2\/types\/post"}],"author":[{"embeddable":true,"href":"https:\/\/migracao.redenoticia.com.br\/noticia\/wp-json\/wp\/v2\/users\/4"}],"replies":[{"embeddable":true,"href":"https:\/\/migracao.redenoticia.com.br\/noticia\/wp-json\/wp\/v2\/comments?post=201729"}],"version-history":[{"count":0,"href":"https:\/\/migracao.redenoticia.com.br\/noticia\/wp-json\/wp\/v2\/posts\/201729\/revisions"}],"wp:featuredmedia":[{"embeddable":true,"href":"https:\/\/migracao.redenoticia.com.br\/noticia\/wp-json\/wp\/v2\/media\/195893"}],"wp:attachment":[{"href":"https:\/\/migracao.redenoticia.com.br\/noticia\/wp-json\/wp\/v2\/media?parent=201729"}],"wp:term":[{"taxonomy":"category","embeddable":true,"href":"https:\/\/migracao.redenoticia.com.br\/noticia\/wp-json\/wp\/v2\/categories?post=201729"},{"taxonomy":"post_tag","embeddable":true,"href":"https:\/\/migracao.redenoticia.com.br\/noticia\/wp-json\/wp\/v2\/tags?post=201729"}],"curies":[{"name":"wp","href":"https:\/\/api.w.org\/{rel}","templated":true}]}}