{"id":201733,"date":"2020-12-22T11:49:40","date_gmt":"2020-12-22T14:49:40","guid":{"rendered":"https:\/\/www.redenoticia.com.br\/noticia\/?p=201733"},"modified":"2020-12-22T11:49:40","modified_gmt":"2020-12-22T14:49:40","slug":"resumo-chiquititas-23-12-fernando-aconselha-vivi","status":"publish","type":"post","link":"https:\/\/migracao.redenoticia.com.br\/noticia\/2020\/resumo-chiquititas-23-12-fernando-aconselha-vivi\/201733","title":{"rendered":"Resumo \u201cChiquititas\u201d 23\/12: Fernando aconselha Vivi"},"content":{"rendered":"<p><img loading=\"lazy\" decoding=\"async\" class=\"aligncenter size-full wp-image-195897\" src=\"https:\/\/migracao.redenoticia.com.br\/noticia\/imagens\/chiquititas-resumo-sinopse.jpg\" alt=\"\" width=\"1280\" height=\"720\" srcset=\"https:\/\/migracao.redenoticia.com.br\/noticia\/imagens\/chiquititas-resumo-sinopse.jpg 1280w, https:\/\/migracao.redenoticia.com.br\/noticia\/imagens\/chiquititas-resumo-sinopse-250x140.jpg 250w, https:\/\/migracao.redenoticia.com.br\/noticia\/imagens\/chiquititas-resumo-sinopse-400x225.jpg 400w, https:\/\/migracao.redenoticia.com.br\/noticia\/imagens\/chiquititas-resumo-sinopse-768x432.jpg 768w, https:\/\/migracao.redenoticia.com.br\/noticia\/imagens\/chiquititas-resumo-sinopse-150x85.jpg 150w, https:\/\/migracao.redenoticia.com.br\/noticia\/imagens\/chiquititas-resumo-sinopse-696x392.jpg 696w, https:\/\/migracao.redenoticia.com.br\/noticia\/imagens\/chiquititas-resumo-sinopse-1068x601.jpg 1068w\" sizes=\"auto, (max-width: 1280px) 100vw, 1280px\" \/><\/p>\n<p><strong><em>Resumo da novela \u201cChiquititas\u201d<\/em><\/strong> em 23\/12: no cap\u00edtulo 120(*) da novela, Carmen vai ao orfanato e presenteia as crian\u00e7as com as bicicletas do Ferrashi. Carmen diz para Cintia que estranhou ela n\u00e3o aceitar as bicicletas. Vivi fica arrependida de n\u00e3o ter dito a verdade para Matias. Dani vai atr\u00e1s de Maria no quarto e empurra a pequena. Dani diz que ela n\u00e3o roubar\u00e1 a boneca e nem a Carol dela. Tom\u00e1s Ferraz, que na verdade \u00e9 Tobias disfar\u00e7ado de cantor portugu\u00eas, vai ao SBT para participar de uma grava\u00e7\u00e3o do De Frente Com Gabi, com Mar\u00edlia Gabriela. No orfanato, Dani faz muita birra e consegue levar a boneca Laura de volta. Mili entrega sua melhor boneca para Maria, mas n\u00e3o consegue alegrar a pequena. Vivi finge um desmaio para que Matias e Ferrashi n\u00e3o entrem no orfanato com ela. Os dois a levam para o hospital e l\u00e1 se deparam com Fernando.<\/p>\n<p>Matias e Ferrashi v\u00e3o embora. Fernando aconselha Vivi a dizer a verdade para Matias e diz que ela precisa ser corajosa para enfrentar as consequ\u00eancias das suas mentiras. Mili diz que \u00e9 amiga de Maria e que sempre a proteger\u00e1. Maria abra\u00e7a Mili. Todos assistem a entrevista do Tom\u00e1s Ferraz, que atinge grandes propor\u00e7\u00f5es. Eduarda diz para Maria Cec\u00edlia que tem certeza que ele falou dela, quando se referiu que seu cora\u00e7\u00e3o j\u00e1 tem dono. Maria Cec\u00edlia diz para Eduarda que n\u00e3o ligar\u00e1 para Tom\u00e1s, pois j\u00e1 est\u00e1 namorando e que em breve ela conhecer\u00e1 o rapaz. Carol compra uma nova boneca para Maria, mas n\u00e3o \u00e9 igual a Laura. A pequenina continua triste.<\/p>\n<p>(*) edi\u00e7\u00e3o das novelas do SBT, \u201cChiquititas\u201d, sujeito a altera\u00e7\u00e3o de data e conte\u00fado.<\/p>\n","protected":false},"excerpt":{"rendered":"<p>Resumo da novela \u201cChiquititas\u201d em 23\/12: no cap\u00edtulo 120(*) da novela, Carmen vai ao orfanato e presenteia as crian\u00e7as com as bicicletas do Ferrashi. Carmen diz para Cintia que estranhou ela n\u00e3o aceitar as bicicletas. Vivi fica arrependida de n\u00e3o ter dito a verdade para Matias. Dani vai atr\u00e1s de Maria no quarto e empurra [&hellip;]<\/p>\n","protected":false},"author":4,"featured_media":195894,"comment_status":"closed","ping_status":"closed","sticky":false,"template":"","format":"standard","meta":{"tdm_status":"","tdm_grid_status":"","footnotes":""},"categories":[409,379,2025,372,343],"tags":[441],"class_list":{"0":"post-201733","1":"post","2":"type-post","3":"status-publish","4":"format-standard","5":"has-post-thumbnail","7":"category-chiquititas","8":"category-novelas","9":"category-resumo","10":"category-sbt","11":"category-televisao","12":"tag-resumo-do-dia"},"_links":{"self":[{"href":"https:\/\/migracao.redenoticia.com.br\/noticia\/wp-json\/wp\/v2\/posts\/201733","targetHints":{"allow":["GET"]}}],"collection":[{"href":"https:\/\/migracao.redenoticia.com.br\/noticia\/wp-json\/wp\/v2\/posts"}],"about":[{"href":"https:\/\/migracao.redenoticia.com.br\/noticia\/wp-json\/wp\/v2\/types\/post"}],"author":[{"embeddable":true,"href":"https:\/\/migracao.redenoticia.com.br\/noticia\/wp-json\/wp\/v2\/users\/4"}],"replies":[{"embeddable":true,"href":"https:\/\/migracao.redenoticia.com.br\/noticia\/wp-json\/wp\/v2\/comments?post=201733"}],"version-history":[{"count":0,"href":"https:\/\/migracao.redenoticia.com.br\/noticia\/wp-json\/wp\/v2\/posts\/201733\/revisions"}],"wp:featuredmedia":[{"embeddable":true,"href":"https:\/\/migracao.redenoticia.com.br\/noticia\/wp-json\/wp\/v2\/media\/195894"}],"wp:attachment":[{"href":"https:\/\/migracao.redenoticia.com.br\/noticia\/wp-json\/wp\/v2\/media?parent=201733"}],"wp:term":[{"taxonomy":"category","embeddable":true,"href":"https:\/\/migracao.redenoticia.com.br\/noticia\/wp-json\/wp\/v2\/categories?post=201733"},{"taxonomy":"post_tag","embeddable":true,"href":"https:\/\/migracao.redenoticia.com.br\/noticia\/wp-json\/wp\/v2\/tags?post=201733"}],"curies":[{"name":"wp","href":"https:\/\/api.w.org\/{rel}","templated":true}]}}