{"id":201735,"date":"2020-12-22T11:50:51","date_gmt":"2020-12-22T14:50:51","guid":{"rendered":"https:\/\/www.redenoticia.com.br\/noticia\/?p=201735"},"modified":"2020-12-22T11:50:51","modified_gmt":"2020-12-22T14:50:51","slug":"resumo-lacos-de-familia-23-12-edu-e-estela-descobrem-que-tudo-pertence-a-eles","status":"publish","type":"post","link":"https:\/\/migracao.redenoticia.com.br\/noticia\/2020\/resumo-lacos-de-familia-23-12-edu-e-estela-descobrem-que-tudo-pertence-a-eles\/201735","title":{"rendered":"Resumo \u201cLa\u00e7os de Fam\u00edlia\u201d 23\/12: Edu e Estela descobrem que tudo pertence a eles"},"content":{"rendered":"<p><img loading=\"lazy\" decoding=\"async\" class=\"aligncenter size-full wp-image-197365\" src=\"https:\/\/migracao.redenoticia.com.br\/noticia\/imagens\/lacos-de-familia-resumo-sinopse-elenco-helena-camila-edu.jpg\" alt=\"\" width=\"1280\" height=\"720\" srcset=\"https:\/\/migracao.redenoticia.com.br\/noticia\/imagens\/lacos-de-familia-resumo-sinopse-elenco-helena-camila-edu.jpg 1280w, https:\/\/migracao.redenoticia.com.br\/noticia\/imagens\/lacos-de-familia-resumo-sinopse-elenco-helena-camila-edu-250x140.jpg 250w, https:\/\/migracao.redenoticia.com.br\/noticia\/imagens\/lacos-de-familia-resumo-sinopse-elenco-helena-camila-edu-400x225.jpg 400w, https:\/\/migracao.redenoticia.com.br\/noticia\/imagens\/lacos-de-familia-resumo-sinopse-elenco-helena-camila-edu-768x432.jpg 768w, https:\/\/migracao.redenoticia.com.br\/noticia\/imagens\/lacos-de-familia-resumo-sinopse-elenco-helena-camila-edu-150x85.jpg 150w\" sizes=\"auto, (max-width: 1280px) 100vw, 1280px\" \/><\/p>\n<p><em><strong>Resumo da novela \u201cLa\u00e7os de Fam\u00edlia\u201d<\/strong><\/em> em 23\/12: no cap\u00edtulo 078(*) da novela, Helena fica surpresa, mas alegre. Edu e Estela fazem Alma descer para o caf\u00e9 da manh\u00e3 e um convidado muito especial espera-os: doutor Silveira. Camila fala em tirar a crian\u00e7a e chora quando Helena reage e avisa que ela nem deve pensar nisso. Alma se sente apunhalada pelas costas. Silveira, desconfort\u00e1vel, por ela n\u00e3o saber que ele iria \u00e0 casa, apresenta o relat\u00f3rio. Danilo d\u00e1 de cara com Romeu de sunga, e o odeia. \u00cdris v\u00ea o resultado do exame de Camila. Edu e Estela descobrem que tudo pertence a eles, inclusive a casa e o haras e que muita coisa foi vendida anteriormente. Pedro est\u00e1 num mau-humor pavoroso. Helena vai atr\u00e1s da filha, mas n\u00e3o consegue localiz\u00e1-la. Yvete compra meias pretas e mostra para Viriato. Camila olha a \u00e1gua do mar numa praia deserta. Ela se comove ao ver um beb\u00ea. Liza est\u00e1 gr\u00e1vida e convida Ana para ser madrinha.<\/p>\n<p>(*) edi\u00e7\u00e3o das novelas da Globo, \u201cLa\u00e7os de Fam\u00edlia\u201d, sujeito a altera\u00e7\u00e3o de data e conte\u00fado.<\/p>\n<p>Sinopse &#8220;La\u00e7os de Fam\u00edlia&#8221;: Helena (Vera Fischer) est\u00e1 a caminho da praia quando seu carro se choca com o do jovem m\u00e9dico Edu (Reynaldo Gianecchini). De in\u00edcio os dois se estranham, mas depois acabam se envolvendo. O acidente acontece em frente \u00e0 livraria Dom Casmurro, de propriedade de Miguel (Tony Ramos), que se encanta imediatamente por ela. Helena \u00e9 m\u00e3e de Camila (Carolina Dieckmann). Com o tempo, Camila descobre que est\u00e1 apaixonada por Edu e que \u00e9 correspondida.<\/p>\n","protected":false},"excerpt":{"rendered":"<p>Resumo da novela \u201cLa\u00e7os de Fam\u00edlia\u201d em 23\/12: no cap\u00edtulo 078(*) da novela, Helena fica surpresa, mas alegre. Edu e Estela fazem Alma descer para o caf\u00e9 da manh\u00e3 e um convidado muito especial espera-os: doutor Silveira. Camila fala em tirar a crian\u00e7a e chora quando Helena reage e avisa que ela nem deve pensar [&hellip;]<\/p>\n","protected":false},"author":4,"featured_media":197366,"comment_status":"closed","ping_status":"closed","sticky":false,"template":"","format":"standard","meta":{"tdm_status":"","tdm_grid_status":"","footnotes":""},"categories":[2061,379,375,2025,343],"tags":[441],"class_list":{"0":"post-201735","1":"post","2":"type-post","3":"status-publish","4":"format-standard","5":"has-post-thumbnail","7":"category-lacos-de-familia","8":"category-novelas","9":"category-rede-globo","10":"category-resumo","11":"category-televisao","12":"tag-resumo-do-dia"},"_links":{"self":[{"href":"https:\/\/migracao.redenoticia.com.br\/noticia\/wp-json\/wp\/v2\/posts\/201735","targetHints":{"allow":["GET"]}}],"collection":[{"href":"https:\/\/migracao.redenoticia.com.br\/noticia\/wp-json\/wp\/v2\/posts"}],"about":[{"href":"https:\/\/migracao.redenoticia.com.br\/noticia\/wp-json\/wp\/v2\/types\/post"}],"author":[{"embeddable":true,"href":"https:\/\/migracao.redenoticia.com.br\/noticia\/wp-json\/wp\/v2\/users\/4"}],"replies":[{"embeddable":true,"href":"https:\/\/migracao.redenoticia.com.br\/noticia\/wp-json\/wp\/v2\/comments?post=201735"}],"version-history":[{"count":0,"href":"https:\/\/migracao.redenoticia.com.br\/noticia\/wp-json\/wp\/v2\/posts\/201735\/revisions"}],"wp:featuredmedia":[{"embeddable":true,"href":"https:\/\/migracao.redenoticia.com.br\/noticia\/wp-json\/wp\/v2\/media\/197366"}],"wp:attachment":[{"href":"https:\/\/migracao.redenoticia.com.br\/noticia\/wp-json\/wp\/v2\/media?parent=201735"}],"wp:term":[{"taxonomy":"category","embeddable":true,"href":"https:\/\/migracao.redenoticia.com.br\/noticia\/wp-json\/wp\/v2\/categories?post=201735"},{"taxonomy":"post_tag","embeddable":true,"href":"https:\/\/migracao.redenoticia.com.br\/noticia\/wp-json\/wp\/v2\/tags?post=201735"}],"curies":[{"name":"wp","href":"https:\/\/api.w.org\/{rel}","templated":true}]}}