{"id":2018,"date":"2009-05-26T11:33:39","date_gmt":"2009-05-26T15:33:39","guid":{"rendered":"http:\/\/www.redenoticia.com.br\/noticia\/?p=2018"},"modified":"2009-05-26T11:33:39","modified_gmt":"2009-05-26T15:33:39","slug":"lancado-plastico-que-dissolve-na-agua","status":"publish","type":"post","link":"https:\/\/migracao.redenoticia.com.br\/noticia\/2009\/lancado-plastico-que-dissolve-na-agua\/2018","title":{"rendered":"Lan\u00e7ado pl\u00e1stico que dissolve na \u00e1gua"},"content":{"rendered":"<p><span style=\"font-family: 'Times New Roman'; font-size: small;\">A RES Brasil (de Valinhos, S\u00e3o Paulo), empresa l\u00edder no segmento de embalagens naturalmente degrad\u00e1veis no Pa\u00eds, iniciou neste m\u00eas a comercializa\u00e7\u00e3o de bobinas pl\u00e1sticas hidrossol\u00faveis e biodegrad\u00e1veis. O material, utilizado por ind\u00fastrias pl\u00e1sticas de embalagens flex\u00edveis, \u00e9 importado da Europa. A princ\u00edpio, 190 empresas licenciadas poder\u00e3o comprar o material em bobinas, produzir as embalagens e, posteriormente, fornecer ao mercado brasileiro e latino americano.<\/span><\/p>\n<p><span style=\"font-family: 'Times New Roman'; font-size: small;\">As embalagens hidrossol\u00faveis-biodegrad\u00e1veis atendem a necessidades espec\u00edficas para acondicionamento de produtos que tamb\u00e9m s\u00e3o dissol\u00faveis em \u00e1gua. Isso porque este tipo de embalagem vai se diluir completamente em contato com a \u00e1gua ao mesmo tempo em que o produto armazenado \u00e9 liberado. Este tipo de pl\u00e1stico \u00e9 utilizado, principalmente, em embalagens para produtos qu\u00edmicos, aditivos para concreto, pigmentos para tinturaria industrial, defensivos agr\u00edcolas, lavanderia hospitalar e embalagens para detergentes em p\u00f3.<\/span><\/p>\n<p><span style=\"font-family: 'Times New Roman'; font-size: small;\">As empresas brasileiras j\u00e1 utilizam a tecnologia desde 2005, por\u00e9m as embalagens, em sua maioria sacos, eram comprados e importados diretamente do exterior. A iniciativa permitir\u00e1 agilizar o atendimento ao mercado nacional e reduzir os custos do produto. \u201cA tecnologia dos hidrossol\u00faveis \u00e9 usada em v\u00e1rias partes do mundo e tem uma aceita\u00e7\u00e3o muito grande. Agora temos o produto dispon\u00edvel no Brasil\u201d, explica Eduardo Van Roost, diretor da RES Brasil.<\/span><\/p>\n<p><span style=\"font-family: 'Times New Roman'; font-size: small;\">Segundo Roost, o pre\u00e7o do produto n\u00e3o ser\u00e1 um empecilho para as ind\u00fastrias, pois j\u00e1 existe uma procura consider\u00e1vel das ind\u00fastrias por tecnologias degrad\u00e1veis (biodegrad\u00e1veis e oxi-biodegrad\u00e1veis), devido ao crescente apelo ecol\u00f3gico do mercado.<\/span><\/p>\n<p><span style=\"font-family: 'Times New Roman'; font-size: small;\">O primeiro lote de bobinas de filmes com espessura de 30 e 40 micras, cerca de 1 metro de largura e 1 quil\u00f4metro de comprimento, j\u00e1 est\u00e1 dispon\u00edvel e atender\u00e1, inicialmente, \u00e0s 190 empresas licenciadas que j\u00e1 utilizam outras tecnologias e materiais representados pela RES Brasil, tais como aditivos oxi-biodegrad\u00e1veis d2w e biopol\u00edmeros.<\/span><\/p>\n","protected":false},"excerpt":{"rendered":"<p>A RES Brasil (de Valinhos, S\u00e3o Paulo), empresa l\u00edder no segmento de embalagens naturalmente degrad\u00e1veis no Pa\u00eds, iniciou neste m\u00eas a comercializa\u00e7\u00e3o de bobinas pl\u00e1sticas hidrossol\u00faveis e biodegrad\u00e1veis. O material, utilizado por ind\u00fastrias pl\u00e1sticas de embalagens flex\u00edveis, \u00e9 importado da Europa. A princ\u00edpio, 190 empresas licenciadas poder\u00e3o comprar o material em bobinas, produzir as embalagens [&hellip;]<\/p>\n","protected":false},"author":2,"featured_media":0,"comment_status":"open","ping_status":"open","sticky":false,"template":"","format":"standard","meta":{"tdm_status":"","tdm_grid_status":"","footnotes":""},"categories":[7],"tags":[],"class_list":{"0":"post-2018","1":"post","2":"type-post","3":"status-publish","4":"format-standard","6":"category-economia"},"_links":{"self":[{"href":"https:\/\/migracao.redenoticia.com.br\/noticia\/wp-json\/wp\/v2\/posts\/2018","targetHints":{"allow":["GET"]}}],"collection":[{"href":"https:\/\/migracao.redenoticia.com.br\/noticia\/wp-json\/wp\/v2\/posts"}],"about":[{"href":"https:\/\/migracao.redenoticia.com.br\/noticia\/wp-json\/wp\/v2\/types\/post"}],"author":[{"embeddable":true,"href":"https:\/\/migracao.redenoticia.com.br\/noticia\/wp-json\/wp\/v2\/users\/2"}],"replies":[{"embeddable":true,"href":"https:\/\/migracao.redenoticia.com.br\/noticia\/wp-json\/wp\/v2\/comments?post=2018"}],"version-history":[{"count":0,"href":"https:\/\/migracao.redenoticia.com.br\/noticia\/wp-json\/wp\/v2\/posts\/2018\/revisions"}],"wp:attachment":[{"href":"https:\/\/migracao.redenoticia.com.br\/noticia\/wp-json\/wp\/v2\/media?parent=2018"}],"wp:term":[{"taxonomy":"category","embeddable":true,"href":"https:\/\/migracao.redenoticia.com.br\/noticia\/wp-json\/wp\/v2\/categories?post=2018"},{"taxonomy":"post_tag","embeddable":true,"href":"https:\/\/migracao.redenoticia.com.br\/noticia\/wp-json\/wp\/v2\/tags?post=2018"}],"curies":[{"name":"wp","href":"https:\/\/api.w.org\/{rel}","templated":true}]}}