{"id":201801,"date":"2020-12-24T14:24:13","date_gmt":"2020-12-24T17:24:13","guid":{"rendered":"https:\/\/www.redenoticia.com.br\/noticia\/?p=201801"},"modified":"2020-12-24T14:24:13","modified_gmt":"2020-12-24T17:24:13","slug":"resumo-chiquititas-25-12-fernando-alerta-carol-sobre-dani","status":"publish","type":"post","link":"https:\/\/migracao.redenoticia.com.br\/noticia\/2020\/resumo-chiquititas-25-12-fernando-alerta-carol-sobre-dani\/201801","title":{"rendered":"Resumo \u201cChiquititas\u201d 25\/12: Fernando alerta Carol sobre Dani"},"content":{"rendered":"<p><img loading=\"lazy\" decoding=\"async\" class=\"aligncenter size-full wp-image-195897\" src=\"https:\/\/migracao.redenoticia.com.br\/noticia\/imagens\/chiquititas-resumo-sinopse.jpg\" alt=\"\" width=\"1280\" height=\"720\" srcset=\"https:\/\/migracao.redenoticia.com.br\/noticia\/imagens\/chiquititas-resumo-sinopse.jpg 1280w, https:\/\/migracao.redenoticia.com.br\/noticia\/imagens\/chiquititas-resumo-sinopse-250x140.jpg 250w, https:\/\/migracao.redenoticia.com.br\/noticia\/imagens\/chiquititas-resumo-sinopse-400x225.jpg 400w, https:\/\/migracao.redenoticia.com.br\/noticia\/imagens\/chiquititas-resumo-sinopse-768x432.jpg 768w, https:\/\/migracao.redenoticia.com.br\/noticia\/imagens\/chiquititas-resumo-sinopse-150x85.jpg 150w, https:\/\/migracao.redenoticia.com.br\/noticia\/imagens\/chiquititas-resumo-sinopse-696x392.jpg 696w, https:\/\/migracao.redenoticia.com.br\/noticia\/imagens\/chiquititas-resumo-sinopse-1068x601.jpg 1068w\" sizes=\"auto, (max-width: 1280px) 100vw, 1280px\" \/><\/p>\n<p><strong><em>Resumo da novela \u201cChiquititas\u201d<\/em><\/strong> em 25\/12: no cap\u00edtulo 122(*) da novela, Matilde decide fingir estar do lado de Cintia<\/p>\n<p>Matilde pede perd\u00e3o para Carmen e implora que n\u00e3o lhe demita. Carmen manda que ela pare de lamentar e pergunta se Cintia concordou que ela ficasse no orfanato se passando por Ernestina. Matilde explica que Cintia lhe procurou, disse que as Chiquititas estavam sentindo a falta de Ernestina e que, pelo bem delas, decidiu se passar pela irm\u00e3. &#8220;Voc\u00ea acha mesmo que eu sou muito idiota para cair numa desculpa dessa&#8221;, diz Carmen. Matilde revela que a ideia foi de Cintia, garante que ela n\u00e3o acha a mulher confi\u00e1vel e que n\u00e3o sabe o que est\u00e1 passando na cabe\u00e7a de Cintia. Carmen diz ter certeza que Cintia est\u00e1 tramando algo e aconselha Matilde a parar de mentir. A megera avisa que n\u00e3o lhe mandar\u00e1 embora, mas que quer descobrir o que Cintia est\u00e1 armando. Carmen diz que se Matilde passar para o lado dela, ser\u00e1 muito bem remunerada.<\/p>\n<p>Matilde aceita. Vivi tenta falar com Matias atrav\u00e9s da rede social FriendBook, mas o pai do menino, o Dr. Ferrashi(Eduardo Fraga), desliga o computador dele, impedindo a comunica\u00e7\u00e3o. No Caf\u00e9 Boutique, Francis diz estar com medo de ser mandado embora pelo sumi\u00e7o dos doces. Clarita leva o rapaz at\u00e9 a central de seguran\u00e7a para tentar ver o v\u00eddeo do monitoramento de seguran\u00e7a da loja. Os dois percebem que uma crian\u00e7a entrou correndo dentro do Caf\u00e9 e que ela deve ser a respons\u00e1vel pelo sumi\u00e7o dos doces. Francis e Clarita combinam de ficar alertas para pegar o menino da pr\u00f3xima vez. Carol, Beto e Tobias, que est\u00e1 vestido como Tom\u00e1s Ferraz, assistem TV e se surpreendem ao ver um programa especializado em jornalismo de celebridades com a jornalista Kelly Keller.<\/p>\n<p>A atra\u00e7\u00e3o mostra fotos dele com Carol e Clarita e levanta a hip\u00f3tese de uma delas ser a grande paix\u00e3o secreta que ele revelou durante entrevista no programa de Mar\u00edlia Gabriela. A jornalista Kelly Keller promete descobrir tudo e contar aos telespectadores. No dia seguinte, a jornalista vai at\u00e9 o Caf\u00e9 Boutique e surpreende Clarita com muitas perguntas sobre Tom\u00e1s Ferraz. Kelly tamb\u00e9m faz filmagens de Carol. Matilde decide fingir estar do lado de Cintia e ao mesmo tempo ao lado de Carmen. Matilde diz para Tati e Ana que o dinheiro n\u00e3o foi poss\u00edvel para comprar a ra\u00e7\u00e3o da cachorra Pipoca e por isso elas ter\u00e3o que se virar para dar de comer para o animal de estima\u00e7\u00e3o.<\/p>\n<p>Mili vai at\u00e9 a Mans\u00e3o dos Almeida Campos ver Gabriela, que sofre de um grave bloqueio psicol\u00f3gico. Valentina e Mili ficam surpresas, pois Gabi, que na verdade \u00e9 a m\u00e3e da Mili, fala a sua terceira palavra depois de anos e \u00e9 justamente o nome de Mili. No orfanato, Fernando alerta Carol sobre Dani. Ele diz que Dani trata Maria de duas maneiras. Na mans\u00e3o dos Almeida Campos, Mili pede a ajuda de Duda para saber porque Matias n\u00e3o responde as mensagens de Vivi. Duda e Mili decidem ir at\u00e9 a casa do menino.<\/p>\n<p>(*) edi\u00e7\u00e3o das novelas do SBT, \u201cChiquititas\u201d, sujeito a altera\u00e7\u00e3o de data e conte\u00fado.<\/p>\n","protected":false},"excerpt":{"rendered":"<p>Resumo da novela \u201cChiquititas\u201d em 25\/12: no cap\u00edtulo 122(*) da novela, Matilde decide fingir estar do lado de Cintia Matilde pede perd\u00e3o para Carmen e implora que n\u00e3o lhe demita. Carmen manda que ela pare de lamentar e pergunta se Cintia concordou que ela ficasse no orfanato se passando por Ernestina. Matilde explica que Cintia [&hellip;]<\/p>\n","protected":false},"author":4,"featured_media":195894,"comment_status":"closed","ping_status":"closed","sticky":false,"template":"","format":"standard","meta":{"tdm_status":"","tdm_grid_status":"","footnotes":""},"categories":[409,379,2025,372,343],"tags":[441],"class_list":{"0":"post-201801","1":"post","2":"type-post","3":"status-publish","4":"format-standard","5":"has-post-thumbnail","7":"category-chiquititas","8":"category-novelas","9":"category-resumo","10":"category-sbt","11":"category-televisao","12":"tag-resumo-do-dia"},"_links":{"self":[{"href":"https:\/\/migracao.redenoticia.com.br\/noticia\/wp-json\/wp\/v2\/posts\/201801","targetHints":{"allow":["GET"]}}],"collection":[{"href":"https:\/\/migracao.redenoticia.com.br\/noticia\/wp-json\/wp\/v2\/posts"}],"about":[{"href":"https:\/\/migracao.redenoticia.com.br\/noticia\/wp-json\/wp\/v2\/types\/post"}],"author":[{"embeddable":true,"href":"https:\/\/migracao.redenoticia.com.br\/noticia\/wp-json\/wp\/v2\/users\/4"}],"replies":[{"embeddable":true,"href":"https:\/\/migracao.redenoticia.com.br\/noticia\/wp-json\/wp\/v2\/comments?post=201801"}],"version-history":[{"count":0,"href":"https:\/\/migracao.redenoticia.com.br\/noticia\/wp-json\/wp\/v2\/posts\/201801\/revisions"}],"wp:featuredmedia":[{"embeddable":true,"href":"https:\/\/migracao.redenoticia.com.br\/noticia\/wp-json\/wp\/v2\/media\/195894"}],"wp:attachment":[{"href":"https:\/\/migracao.redenoticia.com.br\/noticia\/wp-json\/wp\/v2\/media?parent=201801"}],"wp:term":[{"taxonomy":"category","embeddable":true,"href":"https:\/\/migracao.redenoticia.com.br\/noticia\/wp-json\/wp\/v2\/categories?post=201801"},{"taxonomy":"post_tag","embeddable":true,"href":"https:\/\/migracao.redenoticia.com.br\/noticia\/wp-json\/wp\/v2\/tags?post=201801"}],"curies":[{"name":"wp","href":"https:\/\/api.w.org\/{rel}","templated":true}]}}