{"id":202086,"date":"2021-01-03T20:01:30","date_gmt":"2021-01-03T23:01:30","guid":{"rendered":"https:\/\/www.redenoticia.com.br\/noticia\/?p=202086"},"modified":"2021-01-03T20:01:30","modified_gmt":"2021-01-03T23:01:30","slug":"resumo-a-forca-do-querer-04-01-silvana-e-impedida-de-sair-do-cassino","status":"publish","type":"post","link":"https:\/\/migracao.redenoticia.com.br\/noticia\/2021\/resumo-a-forca-do-querer-04-01-silvana-e-impedida-de-sair-do-cassino\/202086","title":{"rendered":"Resumo &#8220;A For\u00e7a do Querer&#8221; 04\/01: Silvana \u00e9 impedida de sair do cassino"},"content":{"rendered":"<p> <img loading=\"lazy\" decoding=\"async\" class=\"aligncenter size-full wp-image-195899\" src=\"https:\/\/migracao.redenoticia.com.br\/noticia\/imagens\/a-forca-do-querer-resumo-sinopse.jpg\" alt=\"\" width=\"1280\" height=\"720\" srcset=\"https:\/\/migracao.redenoticia.com.br\/noticia\/imagens\/a-forca-do-querer-resumo-sinopse.jpg 1280w, https:\/\/migracao.redenoticia.com.br\/noticia\/imagens\/a-forca-do-querer-resumo-sinopse-250x140.jpg 250w, https:\/\/migracao.redenoticia.com.br\/noticia\/imagens\/a-forca-do-querer-resumo-sinopse-400x225.jpg 400w, https:\/\/migracao.redenoticia.com.br\/noticia\/imagens\/a-forca-do-querer-resumo-sinopse-768x432.jpg 768w, https:\/\/migracao.redenoticia.com.br\/noticia\/imagens\/a-forca-do-querer-resumo-sinopse-150x85.jpg 150w, https:\/\/migracao.redenoticia.com.br\/noticia\/imagens\/a-forca-do-querer-resumo-sinopse-696x392.jpg 696w, https:\/\/migracao.redenoticia.com.br\/noticia\/imagens\/a-forca-do-querer-resumo-sinopse-1068x601.jpg 1068w\" sizes=\"auto, (max-width: 1280px) 100vw, 1280px\" \/><\/p>\n<p><em><strong>Resumo da novela \u201cA For\u00e7a do Querer\u201d<\/strong><\/em> em 04\/01: no cap\u00edtulo 089(*) da novela, Eurico se desespera com o sumi\u00e7o de Silvana. Simone liga para Caio. Silvana segue presa no cassino. Nonato insinua a Dita que sabe que Silvana saiu para jogar. Nazar\u00e9 e Abel param de falar sobre a poss\u00edvel pris\u00e3o de Ritinha quando Edinalva chega. Bibi descobre que Silvana est\u00e1 presa no cassino e fala com Sabi\u00e1. Joyce e Leandro se beijam. Silvana volta para casa. Ivana faz outra aplica\u00e7\u00e3o de horm\u00f4nio. Eug\u00eanio marca de se encontrar com Ruy no escrit\u00f3rio. Joyce pensa em Eug\u00eanio. Edinalva manda Ritinha descobrir o que Zeca est\u00e1 armando contra ela.<\/p>\n<p>Zu comenta com Marilda que acredita que Ritinha esteja escondendo algo da fam\u00edlia. Cibele entrega para Ruy o resultado do exame de DNA de Ruyzinho. Ritinha envia Marilda ao escrit\u00f3rio da advogada de Zeca. Silvana diz a Dita que n\u00e3o ir\u00e1 mais jogar. Zeca confirma a sua viagem para Jeiza. Marilda conta a Ritinha que ela pode ser presa, e Ritinha confidencia o fato para Edinalva. Eurico informa a Silvana que Garcia a nomeou como sua representante na empresa. Eug\u00eanio pede para conversar com Ivana. Joyce toma uma decis\u00e3o sobre sua vida. Dantas garante a Stella que todas as hist\u00f3rias de Mira n\u00e3o s\u00e3o reais. Ivana desiste de falar com Eug\u00eanio por causa de Irene. Zeca e Erica v\u00e3o para o aeroporto, mas ele \u00e9 impedido de viajar pela Pol\u00edcia Federal.<\/p>\n<p>(*) edi\u00e7\u00e3o das novelas da Globo, \u201cA For\u00e7a do Querer\u201d, sujeito a altera\u00e7\u00e3o de data e conte\u00fado.<\/p>\n<p>Sinopse \u201cA For\u00e7a do Querer\u201d: esta \u00e9 a hist\u00f3ria de Rita (Isis Valverde), uma jovem apaixonada por si mesmo e que adora sentir o fasc\u00ednio que exerce sobre os homens &#8211; assim como as sereias. Zeca (Marco Pigossi) \u00e9 caminhoneiro rude, passional e com um cora\u00e7\u00e3o enorme. Trabalhador, nunca se deixou levar pelos coment\u00e1rios maldosos sobre a personalidade de Rita. Apaixonado pela gata, fica arrasado ao saber de seu envolvimento com Ruy. Orgulhoso, se muda para o Rio de Janeiro para recome\u00e7ar a vida e se aproxima de Jeiza. Ruy (Fiuk) \u00e9 o filho de Eug\u00eanio e Joyce. Est\u00e1 sendo treinado para substituir o pai na empresa da fam\u00edlia. Noivo de Cibele, se encanta por Rita durante uma viagem ao Par\u00e1. <\/p>\n","protected":false},"excerpt":{"rendered":"<p>Resumo da novela \u201cA For\u00e7a do Querer\u201d em 04\/01: no cap\u00edtulo 089(*) da novela, Eurico se desespera com o sumi\u00e7o de Silvana. Simone liga para Caio. Silvana segue presa no cassino. Nonato insinua a Dita que sabe que Silvana saiu para jogar. Nazar\u00e9 e Abel param de falar sobre a poss\u00edvel pris\u00e3o de Ritinha quando [&hellip;]<\/p>\n","protected":false},"author":2,"featured_media":195901,"comment_status":"closed","ping_status":"closed","sticky":false,"template":"","format":"standard","meta":{"tdm_status":"","tdm_grid_status":"","footnotes":""},"categories":[2027,379,375,2025,343],"tags":[441],"class_list":{"0":"post-202086","1":"post","2":"type-post","3":"status-publish","4":"format-standard","5":"has-post-thumbnail","7":"category-a-forca-do-querer","8":"category-novelas","9":"category-rede-globo","10":"category-resumo","11":"category-televisao","12":"tag-resumo-do-dia"},"_links":{"self":[{"href":"https:\/\/migracao.redenoticia.com.br\/noticia\/wp-json\/wp\/v2\/posts\/202086","targetHints":{"allow":["GET"]}}],"collection":[{"href":"https:\/\/migracao.redenoticia.com.br\/noticia\/wp-json\/wp\/v2\/posts"}],"about":[{"href":"https:\/\/migracao.redenoticia.com.br\/noticia\/wp-json\/wp\/v2\/types\/post"}],"author":[{"embeddable":true,"href":"https:\/\/migracao.redenoticia.com.br\/noticia\/wp-json\/wp\/v2\/users\/2"}],"replies":[{"embeddable":true,"href":"https:\/\/migracao.redenoticia.com.br\/noticia\/wp-json\/wp\/v2\/comments?post=202086"}],"version-history":[{"count":0,"href":"https:\/\/migracao.redenoticia.com.br\/noticia\/wp-json\/wp\/v2\/posts\/202086\/revisions"}],"wp:featuredmedia":[{"embeddable":true,"href":"https:\/\/migracao.redenoticia.com.br\/noticia\/wp-json\/wp\/v2\/media\/195901"}],"wp:attachment":[{"href":"https:\/\/migracao.redenoticia.com.br\/noticia\/wp-json\/wp\/v2\/media?parent=202086"}],"wp:term":[{"taxonomy":"category","embeddable":true,"href":"https:\/\/migracao.redenoticia.com.br\/noticia\/wp-json\/wp\/v2\/categories?post=202086"},{"taxonomy":"post_tag","embeddable":true,"href":"https:\/\/migracao.redenoticia.com.br\/noticia\/wp-json\/wp\/v2\/tags?post=202086"}],"curies":[{"name":"wp","href":"https:\/\/api.w.org\/{rel}","templated":true}]}}