{"id":202121,"date":"2021-01-04T21:30:33","date_gmt":"2021-01-05T00:30:33","guid":{"rendered":"https:\/\/www.redenoticia.com.br\/noticia\/?p=202121"},"modified":"2021-01-04T21:30:33","modified_gmt":"2021-01-05T00:30:33","slug":"resumo-malhacao-viva-a-diferenca-05-01-clara-e-fio-veem-malu-e-jm-juntos","status":"publish","type":"post","link":"https:\/\/migracao.redenoticia.com.br\/noticia\/2021\/resumo-malhacao-viva-a-diferenca-05-01-clara-e-fio-veem-malu-e-jm-juntos\/202121","title":{"rendered":"Resumo \u201cMalha\u00e7\u00e3o\u201d Viva a Diferen\u00e7a 05\/01: Clara e Fio veem Malu e JM juntos"},"content":{"rendered":"<p> <img loading=\"lazy\" decoding=\"async\" class=\"aligncenter size-full wp-image-197361\" src=\"https:\/\/migracao.redenoticia.com.br\/noticia\/imagens\/malhacao-viva-a-diferenca-elenco-protagonistas.jpg\" alt=\"\" width=\"1280\" height=\"720\" srcset=\"https:\/\/migracao.redenoticia.com.br\/noticia\/imagens\/malhacao-viva-a-diferenca-elenco-protagonistas.jpg 1280w, https:\/\/migracao.redenoticia.com.br\/noticia\/imagens\/malhacao-viva-a-diferenca-elenco-protagonistas-250x140.jpg 250w, https:\/\/migracao.redenoticia.com.br\/noticia\/imagens\/malhacao-viva-a-diferenca-elenco-protagonistas-400x225.jpg 400w, https:\/\/migracao.redenoticia.com.br\/noticia\/imagens\/malhacao-viva-a-diferenca-elenco-protagonistas-768x432.jpg 768w, https:\/\/migracao.redenoticia.com.br\/noticia\/imagens\/malhacao-viva-a-diferenca-elenco-protagonistas-150x85.jpg 150w\" sizes=\"auto, (max-width: 1280px) 100vw, 1280px\" \/><\/p>\n<p><em><strong>Resumo da novela \u201cMalha\u00e7\u00e3o\u201d Viva a Diferen\u00e7a<\/strong><\/em> em 05\/01: no cap\u00edtulo 196(*) da novela, Keyla e Tato esclarecem a desaven\u00e7a que tiveram por causa de K2. B\u00f3ris diz a Edgar que n\u00e3o expulsar\u00e1 Rafael. Ellen solicita a ajuda de D\u00f3ris em seu projeto. Gabriel pede para assistir ao filme no Cora Coralina. Edgar se recusa a ir com Malu se encontrar com JM. <\/p>\n<p>Lu\u00eds gosta da atua\u00e7\u00e3o de Fio no comercial e sai com Clara para comemorar. D\u00f3ris libera a entrada de outros alunos para o CineCora. Felipe procura Lica. JM mostra para Malu sua ideia para difamar o Cora Coralina. Clara e Fio veem Malu e JM juntos.<\/p>\n<p>(*) edi\u00e7\u00e3o das novelas da Globo, \u201cMalha\u00e7\u00e3o\u201d Viva a Diferen\u00e7a, sujeito a altera\u00e7\u00e3o de data e conte\u00fado.<\/p>\n<p>Sinopse \u201cMalha\u00e7\u00e3o\u201d Viva a Diferen\u00e7a: No vibrante e ca\u00f3tico universo de S\u00e3o Paulo, Keyla (Gabriela Medvedovski), Ben\u00ea (Daphne Bozaski), Tina (Ana Hikari), Lica (Manoela Aliperti) e Ellen (Heslaine Vieira), cinco adolescentes que n\u00e3o se conheciam, se veem presas sozinhas no mesmo vag\u00e3o de metr\u00f4 por obra do acaso durante uma pane em um dia chuvoso. Como se n\u00e3o bastasse a tens\u00e3o natural da situa\u00e7\u00e3o, Keyla entra em trabalho de parto e elas se unem em solidariedade para ajud\u00e1-la no nascimento do beb\u00ea mesmo sem recursos dispon\u00edveis no local, criando um v\u00ednculo de amizade entre cinco garotas com backgrounds e personalidades completamente diferentes.<\/p>\n","protected":false},"excerpt":{"rendered":"<p>Resumo da novela \u201cMalha\u00e7\u00e3o\u201d Viva a Diferen\u00e7a em 05\/01: no cap\u00edtulo 196(*) da novela, Keyla e Tato esclarecem a desaven\u00e7a que tiveram por causa de K2. B\u00f3ris diz a Edgar que n\u00e3o expulsar\u00e1 Rafael. Ellen solicita a ajuda de D\u00f3ris em seu projeto. Gabriel pede para assistir ao filme no Cora Coralina. Edgar se recusa [&hellip;]<\/p>\n","protected":false},"author":2,"featured_media":197368,"comment_status":"closed","ping_status":"closed","sticky":false,"template":"","format":"standard","meta":{"tdm_status":"","tdm_grid_status":"","footnotes":""},"categories":[447,379,375,2025,343],"tags":[441],"class_list":{"0":"post-202121","1":"post","2":"type-post","3":"status-publish","4":"format-standard","5":"has-post-thumbnail","7":"category-malhacao","8":"category-novelas","9":"category-rede-globo","10":"category-resumo","11":"category-televisao","12":"tag-resumo-do-dia"},"_links":{"self":[{"href":"https:\/\/migracao.redenoticia.com.br\/noticia\/wp-json\/wp\/v2\/posts\/202121","targetHints":{"allow":["GET"]}}],"collection":[{"href":"https:\/\/migracao.redenoticia.com.br\/noticia\/wp-json\/wp\/v2\/posts"}],"about":[{"href":"https:\/\/migracao.redenoticia.com.br\/noticia\/wp-json\/wp\/v2\/types\/post"}],"author":[{"embeddable":true,"href":"https:\/\/migracao.redenoticia.com.br\/noticia\/wp-json\/wp\/v2\/users\/2"}],"replies":[{"embeddable":true,"href":"https:\/\/migracao.redenoticia.com.br\/noticia\/wp-json\/wp\/v2\/comments?post=202121"}],"version-history":[{"count":0,"href":"https:\/\/migracao.redenoticia.com.br\/noticia\/wp-json\/wp\/v2\/posts\/202121\/revisions"}],"wp:featuredmedia":[{"embeddable":true,"href":"https:\/\/migracao.redenoticia.com.br\/noticia\/wp-json\/wp\/v2\/media\/197368"}],"wp:attachment":[{"href":"https:\/\/migracao.redenoticia.com.br\/noticia\/wp-json\/wp\/v2\/media?parent=202121"}],"wp:term":[{"taxonomy":"category","embeddable":true,"href":"https:\/\/migracao.redenoticia.com.br\/noticia\/wp-json\/wp\/v2\/categories?post=202121"},{"taxonomy":"post_tag","embeddable":true,"href":"https:\/\/migracao.redenoticia.com.br\/noticia\/wp-json\/wp\/v2\/tags?post=202121"}],"curies":[{"name":"wp","href":"https:\/\/api.w.org\/{rel}","templated":true}]}}