{"id":202151,"date":"2021-01-05T10:34:08","date_gmt":"2021-01-05T13:34:08","guid":{"rendered":"https:\/\/www.redenoticia.com.br\/noticia\/?p=202151"},"modified":"2021-01-05T10:34:08","modified_gmt":"2021-01-05T13:34:08","slug":"resumo-lacos-de-familia-06-01-helena-compartilha-o-drama-de-fred-e-capitu-com-miguel","status":"publish","type":"post","link":"https:\/\/migracao.redenoticia.com.br\/noticia\/2021\/resumo-lacos-de-familia-06-01-helena-compartilha-o-drama-de-fred-e-capitu-com-miguel\/202151","title":{"rendered":"Resumo \u201cLa\u00e7os de Fam\u00edlia\u201d 06\/01: Helena compartilha o drama de Fred e Capitu com Miguel"},"content":{"rendered":"<p><img loading=\"lazy\" decoding=\"async\" class=\"aligncenter size-full wp-image-197365\" src=\"https:\/\/migracao.redenoticia.com.br\/noticia\/imagens\/lacos-de-familia-resumo-sinopse-elenco-helena-camila-edu.jpg\" alt=\"\" width=\"1280\" height=\"720\" srcset=\"https:\/\/migracao.redenoticia.com.br\/noticia\/imagens\/lacos-de-familia-resumo-sinopse-elenco-helena-camila-edu.jpg 1280w, https:\/\/migracao.redenoticia.com.br\/noticia\/imagens\/lacos-de-familia-resumo-sinopse-elenco-helena-camila-edu-250x140.jpg 250w, https:\/\/migracao.redenoticia.com.br\/noticia\/imagens\/lacos-de-familia-resumo-sinopse-elenco-helena-camila-edu-400x225.jpg 400w, https:\/\/migracao.redenoticia.com.br\/noticia\/imagens\/lacos-de-familia-resumo-sinopse-elenco-helena-camila-edu-768x432.jpg 768w, https:\/\/migracao.redenoticia.com.br\/noticia\/imagens\/lacos-de-familia-resumo-sinopse-elenco-helena-camila-edu-150x85.jpg 150w\" sizes=\"auto, (max-width: 1280px) 100vw, 1280px\" \/><\/p>\n<p><em><strong>Resumo da novela \u201cLa\u00e7os de Fam\u00edlia\u201d<\/strong><\/em> em 06\/01: no cap\u00edtulo 088(*) da novela, Fred leva uma surra de Maurinho. Bira aparece e afasta Maurinho e o colega dele. Helena e Capitu ficam assustadas com o estado de Fred. Dram\u00e1tica, Alma diz que o casamento de Edu e Camila ser\u00e1 o \u00faltimo acontecimento de glamour em sua vida. Camila sente novamente um inc\u00f4modo. O m\u00e9dico avalia Fred e n\u00e3o encontra nada de grave. Helena pressiona Capitu e ela chora. Helena conversa com Fred e ele fala que n\u00e3o vai deixar Capitu na m\u00e3o. Ci\u00e7a e Paulo comemoram a felicidade de Miguel. Helena compartilha o drama de Fred e Capitu com Miguel. Yvete diz a Helena que ela precisa fazer alguma coisa. Capitu vai ao escrit\u00f3rio de Fernando para pedir dinheiro emprestado, mas encontra Orlando no local.<\/p>\n<p>(*) edi\u00e7\u00e3o das novelas da Globo, \u201cLa\u00e7os de Fam\u00edlia\u201d, sujeito a altera\u00e7\u00e3o de data e conte\u00fado.<\/p>\n<p>Sinopse &#8220;La\u00e7os de Fam\u00edlia&#8221;: Helena (Vera Fischer) est\u00e1 a caminho da praia quando seu carro se choca com o do jovem m\u00e9dico Edu (Reynaldo Gianecchini). De in\u00edcio os dois se estranham, mas depois acabam se envolvendo. O acidente acontece em frente \u00e0 livraria Dom Casmurro, de propriedade de Miguel (Tony Ramos), que se encanta imediatamente por ela. Helena \u00e9 m\u00e3e de Camila (Carolina Dieckmann). Com o tempo, Camila descobre que est\u00e1 apaixonada por Edu e que \u00e9 correspondida.<\/p>\n","protected":false},"excerpt":{"rendered":"<p>Resumo da novela \u201cLa\u00e7os de Fam\u00edlia\u201d em 06\/01: no cap\u00edtulo 088(*) da novela, Fred leva uma surra de Maurinho. Bira aparece e afasta Maurinho e o colega dele. Helena e Capitu ficam assustadas com o estado de Fred. Dram\u00e1tica, Alma diz que o casamento de Edu e Camila ser\u00e1 o \u00faltimo acontecimento de glamour em [&hellip;]<\/p>\n","protected":false},"author":4,"featured_media":197366,"comment_status":"closed","ping_status":"closed","sticky":false,"template":"","format":"standard","meta":{"tdm_status":"","tdm_grid_status":"","footnotes":""},"categories":[2061,379,375,2025,343],"tags":[441],"class_list":{"0":"post-202151","1":"post","2":"type-post","3":"status-publish","4":"format-standard","5":"has-post-thumbnail","7":"category-lacos-de-familia","8":"category-novelas","9":"category-rede-globo","10":"category-resumo","11":"category-televisao","12":"tag-resumo-do-dia"},"_links":{"self":[{"href":"https:\/\/migracao.redenoticia.com.br\/noticia\/wp-json\/wp\/v2\/posts\/202151","targetHints":{"allow":["GET"]}}],"collection":[{"href":"https:\/\/migracao.redenoticia.com.br\/noticia\/wp-json\/wp\/v2\/posts"}],"about":[{"href":"https:\/\/migracao.redenoticia.com.br\/noticia\/wp-json\/wp\/v2\/types\/post"}],"author":[{"embeddable":true,"href":"https:\/\/migracao.redenoticia.com.br\/noticia\/wp-json\/wp\/v2\/users\/4"}],"replies":[{"embeddable":true,"href":"https:\/\/migracao.redenoticia.com.br\/noticia\/wp-json\/wp\/v2\/comments?post=202151"}],"version-history":[{"count":0,"href":"https:\/\/migracao.redenoticia.com.br\/noticia\/wp-json\/wp\/v2\/posts\/202151\/revisions"}],"wp:featuredmedia":[{"embeddable":true,"href":"https:\/\/migracao.redenoticia.com.br\/noticia\/wp-json\/wp\/v2\/media\/197366"}],"wp:attachment":[{"href":"https:\/\/migracao.redenoticia.com.br\/noticia\/wp-json\/wp\/v2\/media?parent=202151"}],"wp:term":[{"taxonomy":"category","embeddable":true,"href":"https:\/\/migracao.redenoticia.com.br\/noticia\/wp-json\/wp\/v2\/categories?post=202151"},{"taxonomy":"post_tag","embeddable":true,"href":"https:\/\/migracao.redenoticia.com.br\/noticia\/wp-json\/wp\/v2\/tags?post=202151"}],"curies":[{"name":"wp","href":"https:\/\/api.w.org\/{rel}","templated":true}]}}