{"id":202191,"date":"2021-01-06T20:02:27","date_gmt":"2021-01-06T23:02:27","guid":{"rendered":"https:\/\/www.redenoticia.com.br\/noticia\/?p=202191"},"modified":"2021-01-06T20:02:27","modified_gmt":"2021-01-06T23:02:27","slug":"resumo-flor-do-caribe-07-01-dionisio-descobre-que-samuel-esta-vivo","status":"publish","type":"post","link":"https:\/\/migracao.redenoticia.com.br\/noticia\/2021\/resumo-flor-do-caribe-07-01-dionisio-descobre-que-samuel-esta-vivo\/202191","title":{"rendered":"Resumo \u201cFlor do Caribe\u201d 07\/01: Dion\u00edsio descobre que Samuel est\u00e1 vivo"},"content":{"rendered":"<p> <img loading=\"lazy\" decoding=\"async\" class=\"aligncenter size-full wp-image-197364\" src=\"https:\/\/migracao.redenoticia.com.br\/noticia\/imagens\/flor-do-caribe-resumo-novela.jpg\" alt=\"\" width=\"1280\" height=\"720\" srcset=\"https:\/\/migracao.redenoticia.com.br\/noticia\/imagens\/flor-do-caribe-resumo-novela.jpg 1280w, https:\/\/migracao.redenoticia.com.br\/noticia\/imagens\/flor-do-caribe-resumo-novela-250x140.jpg 250w, https:\/\/migracao.redenoticia.com.br\/noticia\/imagens\/flor-do-caribe-resumo-novela-400x225.jpg 400w, https:\/\/migracao.redenoticia.com.br\/noticia\/imagens\/flor-do-caribe-resumo-novela-768x432.jpg 768w, https:\/\/migracao.redenoticia.com.br\/noticia\/imagens\/flor-do-caribe-resumo-novela-150x85.jpg 150w\" sizes=\"auto, (max-width: 1280px) 100vw, 1280px\" \/><\/p>\n<p><em><strong>Resumo da novela \u201cFlor do Caribe\u201d<\/strong><\/em> em 07\/01: no cap\u00edtulo 112(*) da novela, Arruda tenta acabar com a vida de Samuel, mas \u00e9 surpreendido por Cassiano e preso pelo agente Lira. Juliano observa H\u00e9lio indo em dire\u00e7\u00e3o ao carro dos capangas. Alberto finge para Dion\u00edsio que aceitou a promo\u00e7\u00e3o de H\u00e9lio. Maria Ad\u00edlia diz a Candinho que um dia ele ficar\u00e1 sabendo quem \u00e9 seu pai. Alberto manda Eric interditar Dion\u00edsio. Mantovani pede para Amadeu convencer Isabel a permanecer na Base.<\/p>\n<p>Carol avisa a Lino que as roupas criadas por ele ser\u00e3o comercializadas. H\u00e9lio diz a Dion\u00edsio que Arruda conseguiu terminar o servi\u00e7o de Samuel. Mila aceita namorar Ciro. Dion\u00edsio fica surpreso ao ver Samuel vivo. Dion\u00edsio liga para H\u00e9lio e pede que ele redija sua carta de demiss\u00e3o.<\/p>\n<p>(*) edi\u00e7\u00e3o das novelas da Globo, \u201cFlor do Caribe\u201d, sujeito a altera\u00e7\u00e3o de data e conte\u00fado.<\/p>\n<p>Sinopse \u201cFlor do Caribe\u201d: A hist\u00f3ria se passa na fict\u00edcia Vila dos Ventos. Na novela, amigos de inf\u00e2ncia se tornam rivais por um grande amor. Cassiano (Henri Castelli), Ester (Grazi Massafera) e Alberto (Igor Rickli) s\u00e3o amigos de inf\u00e2ncia em Flor do Caribe. As temporadas de f\u00e9rias em Vila dos Ventos aproximaram os tr\u00eas, mas suas vidas seguiram caminhos distintos. Alberto se afasta por alguns anos para receber a forma\u00e7\u00e3o que lhe cabe como herdeiro do imp\u00e9rio constru\u00eddo pela fam\u00edlia Albuquerque, enquanto Ester e Cassiano vivem o amor que sentem um pelo outro e lutam para alcan\u00e7ar seus objetivos.<\/p>\n","protected":false},"excerpt":{"rendered":"<p>Resumo da novela \u201cFlor do Caribe\u201d em 07\/01: no cap\u00edtulo 112(*) da novela, Arruda tenta acabar com a vida de Samuel, mas \u00e9 surpreendido por Cassiano e preso pelo agente Lira. Juliano observa H\u00e9lio indo em dire\u00e7\u00e3o ao carro dos capangas. Alberto finge para Dion\u00edsio que aceitou a promo\u00e7\u00e3o de H\u00e9lio. Maria Ad\u00edlia diz a [&hellip;]<\/p>\n","protected":false},"author":2,"featured_media":197363,"comment_status":"closed","ping_status":"closed","sticky":false,"template":"","format":"standard","meta":{"tdm_status":"","tdm_grid_status":"","footnotes":""},"categories":[2056,379,375,2025,343],"tags":[441],"class_list":{"0":"post-202191","1":"post","2":"type-post","3":"status-publish","4":"format-standard","5":"has-post-thumbnail","7":"category-flor-de-caribe","8":"category-novelas","9":"category-rede-globo","10":"category-resumo","11":"category-televisao","12":"tag-resumo-do-dia"},"_links":{"self":[{"href":"https:\/\/migracao.redenoticia.com.br\/noticia\/wp-json\/wp\/v2\/posts\/202191","targetHints":{"allow":["GET"]}}],"collection":[{"href":"https:\/\/migracao.redenoticia.com.br\/noticia\/wp-json\/wp\/v2\/posts"}],"about":[{"href":"https:\/\/migracao.redenoticia.com.br\/noticia\/wp-json\/wp\/v2\/types\/post"}],"author":[{"embeddable":true,"href":"https:\/\/migracao.redenoticia.com.br\/noticia\/wp-json\/wp\/v2\/users\/2"}],"replies":[{"embeddable":true,"href":"https:\/\/migracao.redenoticia.com.br\/noticia\/wp-json\/wp\/v2\/comments?post=202191"}],"version-history":[{"count":0,"href":"https:\/\/migracao.redenoticia.com.br\/noticia\/wp-json\/wp\/v2\/posts\/202191\/revisions"}],"wp:featuredmedia":[{"embeddable":true,"href":"https:\/\/migracao.redenoticia.com.br\/noticia\/wp-json\/wp\/v2\/media\/197363"}],"wp:attachment":[{"href":"https:\/\/migracao.redenoticia.com.br\/noticia\/wp-json\/wp\/v2\/media?parent=202191"}],"wp:term":[{"taxonomy":"category","embeddable":true,"href":"https:\/\/migracao.redenoticia.com.br\/noticia\/wp-json\/wp\/v2\/categories?post=202191"},{"taxonomy":"post_tag","embeddable":true,"href":"https:\/\/migracao.redenoticia.com.br\/noticia\/wp-json\/wp\/v2\/tags?post=202191"}],"curies":[{"name":"wp","href":"https:\/\/api.w.org\/{rel}","templated":true}]}}