{"id":202194,"date":"2021-01-06T20:01:57","date_gmt":"2021-01-06T23:01:57","guid":{"rendered":"https:\/\/www.redenoticia.com.br\/noticia\/?p=202194"},"modified":"2021-01-06T20:01:57","modified_gmt":"2021-01-06T23:01:57","slug":"resumo-chiquititas-07-01-matias-passa-a-noite-no-orfanato","status":"publish","type":"post","link":"https:\/\/migracao.redenoticia.com.br\/noticia\/2021\/resumo-chiquititas-07-01-matias-passa-a-noite-no-orfanato\/202194","title":{"rendered":"Resumo \u201cChiquititas\u201d 07\/01: Matias passa a noite no orfanato"},"content":{"rendered":"<p> <img loading=\"lazy\" decoding=\"async\" class=\"aligncenter size-full wp-image-195897\" src=\"https:\/\/migracao.redenoticia.com.br\/noticia\/imagens\/chiquititas-resumo-sinopse.jpg\" alt=\"\" width=\"1280\" height=\"720\" srcset=\"https:\/\/migracao.redenoticia.com.br\/noticia\/imagens\/chiquititas-resumo-sinopse.jpg 1280w, https:\/\/migracao.redenoticia.com.br\/noticia\/imagens\/chiquititas-resumo-sinopse-250x140.jpg 250w, https:\/\/migracao.redenoticia.com.br\/noticia\/imagens\/chiquititas-resumo-sinopse-400x225.jpg 400w, https:\/\/migracao.redenoticia.com.br\/noticia\/imagens\/chiquititas-resumo-sinopse-768x432.jpg 768w, https:\/\/migracao.redenoticia.com.br\/noticia\/imagens\/chiquititas-resumo-sinopse-150x85.jpg 150w, https:\/\/migracao.redenoticia.com.br\/noticia\/imagens\/chiquititas-resumo-sinopse-696x392.jpg 696w, https:\/\/migracao.redenoticia.com.br\/noticia\/imagens\/chiquititas-resumo-sinopse-1068x601.jpg 1068w\" sizes=\"auto, (max-width: 1280px) 100vw, 1280px\" \/><\/p>\n<p><strong><em>Resumo da novela \u201cChiquititas\u201d<\/em><\/strong> em 07\/01: no cap\u00edtulo 130(*) da novela, Miguel grita pelo t\u00fanel do orfanato. O rapaz sofre por Gabriela n\u00e3o o reconhecer e culpa a cicatriz que ele tem no rosto. Gabriela sofre de um grave bloqueio psicol\u00f3gico desde que acreditou que ele e sua filha tivessem morrido. Glorinha n\u00e3o demora muito e volta a maltratar Eduarda. A mulher for\u00e7a Eduarda a comer macarr\u00e3o de forma agressiva. Matias, com a ajuda de Duda, liga para Vivi e diz para ela que os dois precisam se ver. Matias havia fugido do aeroporto para n\u00e3o precisar ir para os Estados Unidos e ficar longe da namorada. \u00c9rica fica preocupada com a repercuss\u00e3o negativa do pr\u00eamio, que revelou que a m\u00fasica de Tom\u00e1s Ferraz foi roubada de Roberto Leal. Glorinha chama Eduarda de in\u00fatil e ao tentar jog\u00e1-la no sof\u00e1 descobre que o celular dela est\u00e1 na estante filmando tudo.<\/p>\n<p>Glorinha diz que ir\u00e1 apagar as imagens. Eduarda cai no ch\u00e3o. Shirley Santana entra no apartamento e diz que mesmo Eduarda n\u00e3o merecendo foi fazer uma visita. Ela fica surpresa ao ver Eduarda ca\u00edda no ch\u00e3o. Eduarda pede para ela pegar seu celular que est\u00e1 com Glorinha. Shirley e Glorinha correm uma atr\u00e1s da outra e acabam aos tapas no sof\u00e1. Duda leva Matias at\u00e9 o orfanato. Vivi sugere que ele v\u00e1 com elas para o acampamento. Mili alerta sobre o perigo. Roberto Leal vai at\u00e9 o Caf\u00e9 Boutique para uma reuni\u00e3o com Beto e Tom\u00e1s Ferraz. Beto tenta convencer que estavam apenas divulgando a m\u00fasica &#8220;A Festa Ainda Pode Ser Bonita&#8221;. N\u00e3o demora muito e Tom\u00e1s Ferraz, que na verdade \u00e9 Tobias disfar\u00e7ado, come\u00e7a a discutir com o verdadeiro cantor portugu\u00eas e autor da m\u00fasica, Roberto Leal.<\/p>\n<p>Shirley liga para Maria Cec\u00edlia e pede para ela ir imediatamente para o apartamento de Eduarda. Junior acompanha Maria Cec\u00edlia. A mulher fica muito irritada ao saber de tudo e chama a pol\u00edcia para prender Glorinha. Eles descobrem que ela estava sendo procurada pelas autoridades por ter maltratado uma crian\u00e7a e uma idosa. Roberto Leal diz que ir\u00e1 brigar com Tom\u00e1s Ferraz e Beto na justi\u00e7a. Maria Cec\u00edlia convence Shirley a cuidar de Eduarda. Matias passa a noite com os meninos, no orfanato, antes de irem para o acampamento. Os pais de Matias sofrem sem saber onde est\u00e1 o menino.<\/p>\n<p>(*) edi\u00e7\u00e3o das novelas do SBT, \u201cChiquititas\u201d, sujeito a altera\u00e7\u00e3o de data e conte\u00fado.<\/p>\n","protected":false},"excerpt":{"rendered":"<p>Resumo da novela \u201cChiquititas\u201d em 07\/01: no cap\u00edtulo 130(*) da novela, Miguel grita pelo t\u00fanel do orfanato. O rapaz sofre por Gabriela n\u00e3o o reconhecer e culpa a cicatriz que ele tem no rosto. Gabriela sofre de um grave bloqueio psicol\u00f3gico desde que acreditou que ele e sua filha tivessem morrido. Glorinha n\u00e3o demora muito [&hellip;]<\/p>\n","protected":false},"author":2,"featured_media":195894,"comment_status":"closed","ping_status":"closed","sticky":false,"template":"","format":"standard","meta":{"tdm_status":"","tdm_grid_status":"","footnotes":""},"categories":[409,379,2025,372,343],"tags":[441],"class_list":{"0":"post-202194","1":"post","2":"type-post","3":"status-publish","4":"format-standard","5":"has-post-thumbnail","7":"category-chiquititas","8":"category-novelas","9":"category-resumo","10":"category-sbt","11":"category-televisao","12":"tag-resumo-do-dia"},"_links":{"self":[{"href":"https:\/\/migracao.redenoticia.com.br\/noticia\/wp-json\/wp\/v2\/posts\/202194","targetHints":{"allow":["GET"]}}],"collection":[{"href":"https:\/\/migracao.redenoticia.com.br\/noticia\/wp-json\/wp\/v2\/posts"}],"about":[{"href":"https:\/\/migracao.redenoticia.com.br\/noticia\/wp-json\/wp\/v2\/types\/post"}],"author":[{"embeddable":true,"href":"https:\/\/migracao.redenoticia.com.br\/noticia\/wp-json\/wp\/v2\/users\/2"}],"replies":[{"embeddable":true,"href":"https:\/\/migracao.redenoticia.com.br\/noticia\/wp-json\/wp\/v2\/comments?post=202194"}],"version-history":[{"count":0,"href":"https:\/\/migracao.redenoticia.com.br\/noticia\/wp-json\/wp\/v2\/posts\/202194\/revisions"}],"wp:featuredmedia":[{"embeddable":true,"href":"https:\/\/migracao.redenoticia.com.br\/noticia\/wp-json\/wp\/v2\/media\/195894"}],"wp:attachment":[{"href":"https:\/\/migracao.redenoticia.com.br\/noticia\/wp-json\/wp\/v2\/media?parent=202194"}],"wp:term":[{"taxonomy":"category","embeddable":true,"href":"https:\/\/migracao.redenoticia.com.br\/noticia\/wp-json\/wp\/v2\/categories?post=202194"},{"taxonomy":"post_tag","embeddable":true,"href":"https:\/\/migracao.redenoticia.com.br\/noticia\/wp-json\/wp\/v2\/tags?post=202194"}],"curies":[{"name":"wp","href":"https:\/\/api.w.org\/{rel}","templated":true}]}}