{"id":202196,"date":"2021-01-06T20:03:19","date_gmt":"2021-01-06T23:03:19","guid":{"rendered":"https:\/\/www.redenoticia.com.br\/noticia\/?p=202196"},"modified":"2021-01-06T20:03:19","modified_gmt":"2021-01-06T23:03:19","slug":"resumo-quando-me-apaixono-07-01-roberta-chama-gema-de-bruxa","status":"publish","type":"post","link":"https:\/\/migracao.redenoticia.com.br\/noticia\/2021\/resumo-quando-me-apaixono-07-01-roberta-chama-gema-de-bruxa\/202196","title":{"rendered":"Resumo \u201cQuando me Apaixono\u201d 07\/01: Roberta chama Gema de bruxa"},"content":{"rendered":"<p> <img loading=\"lazy\" decoding=\"async\" class=\"aligncenter size-full wp-image-195889\" src=\"https:\/\/migracao.redenoticia.com.br\/noticia\/imagens\/quando-me-apaixono-elenco.jpg\" alt=\"\" width=\"1280\" height=\"720\" srcset=\"https:\/\/migracao.redenoticia.com.br\/noticia\/imagens\/quando-me-apaixono-elenco.jpg 1280w, https:\/\/migracao.redenoticia.com.br\/noticia\/imagens\/quando-me-apaixono-elenco-250x140.jpg 250w, https:\/\/migracao.redenoticia.com.br\/noticia\/imagens\/quando-me-apaixono-elenco-400x225.jpg 400w, https:\/\/migracao.redenoticia.com.br\/noticia\/imagens\/quando-me-apaixono-elenco-768x432.jpg 768w, https:\/\/migracao.redenoticia.com.br\/noticia\/imagens\/quando-me-apaixono-elenco-150x85.jpg 150w, https:\/\/migracao.redenoticia.com.br\/noticia\/imagens\/quando-me-apaixono-elenco-696x392.jpg 696w, https:\/\/migracao.redenoticia.com.br\/noticia\/imagens\/quando-me-apaixono-elenco-1068x601.jpg 1068w\" sizes=\"auto, (max-width: 1280px) 100vw, 1280px\" \/><\/p>\n<p><strong><em>Resumo da novela \u201cQuando me Apaixono\u201d<\/em><\/strong> em 07\/01: no cap\u00edtulo 124(*) da novela, In\u00eas nota Renata em uma mesa pr\u00f3xima. Renata liga para Carlos e exige saber a verdade. Carlos conta que Jer\u00f4nimo pediu a ele para manter segredo. Jer\u00f4nimo est\u00e1 bem e foi prometido que ele sairia em algumas horas. Renata se acalma e espera que ele seja libertado em breve. Do contr\u00e1rio, ela ir\u00e1 pessoalmente at\u00e9 l\u00e1 e mover\u00e1 c\u00e9us e terras para tir\u00e1-lo da cadeia.<\/p>\n<p>Gon\u00e7alo pede desculpas a Germano e Gema pela chatea\u00e7\u00e3o. Eles entendem. Germano afirma ter que dar um telefonema como desculpa para ficar a s\u00f3s com Roberta. Ele concorda que ela \u00e9 a v\u00edtima, por ter sido deixada de fora do segredo do C\u00e9sar. Roberta jura que nunca teria dito nada se soubesse a verdade. Roberta pensa consigo mesma que Fina foi uma boa professora. Ela seguiu os antigos ensinamentos de sua m\u00e3e e agora todos se sentem mal por ela.<\/p>\n<p>S\u00f3 para garantir, Roberta chama Gema de bruxa e se pergunta por que ele \u00e9 casado com ela. Gon\u00e7alo e Regina comemoram que finalmente se casaram. Renata d\u00e1 not\u00edcias sobre Jer\u00f4nimo. Na manh\u00e3 seguinte, ela vai pegar um v\u00f4o e endireitar as coisas. Regina e Gon\u00e7alo se oferecem para mudar seus planos de lua de mel e ir com ela. Renata agradece a oferta, mas se recusa a ser a raz\u00e3o de eles atrapalharem a lua de mel. No andar de cima, Roberta ri de sua vingan\u00e7a. Agora ela tem que descobrir como se livrar de Fina. Ela teme que algu\u00e9m possa ter visto ela e Fina juntas.<\/p>\n<p>(*) edi\u00e7\u00e3o das novelas do SBT, \u201cQuando me Apaixono \u201d, sujeito a altera\u00e7\u00e3o de data e conte\u00fado.<\/p>\n<p>Sinopse \u201cQuando me Apaixono\u201d: A hist\u00f3ria come\u00e7a com o nascimento de duas meninas, Regina e Roberta; ambas s\u00e3o filhas de Roberto Gamba (Sebasti\u00e1n Rulli), mas de m\u00e3es diferentes. Enquanto Regina \u00e9 filha de Regina Sober\u00f3n Gamba (Lidia \u00c1vila\/Julieta Rosen), a esposa leg\u00edtima de Roberto, Roberta \u00e9 filha de Josefina &#8220;Pepa&#8221; \u00c1lvarez Mart\u00ednez (Margarita Maga\u00f1a\/Roc\u00edo Banquells), a amante de Roberto.<\/p>\n<p>Quando Roberto diz a Pepa que n\u00e3o vai deixar sua esposa e sua filha Regina, aquela, cheia de raiva depois de causar a morte de Roberto, decide raptar a filha de Regina para se vingar dela e faz\u00ea-la sofrer. Pepa muda o nome de Regina para Renata e foge com as duas meninas, deixando Regina despeda\u00e7ada pela perda de sua filha.<\/p>\n","protected":false},"excerpt":{"rendered":"<p>Resumo da novela \u201cQuando me Apaixono\u201d em 07\/01: no cap\u00edtulo 124(*) da novela, In\u00eas nota Renata em uma mesa pr\u00f3xima. Renata liga para Carlos e exige saber a verdade. Carlos conta que Jer\u00f4nimo pediu a ele para manter segredo. Jer\u00f4nimo est\u00e1 bem e foi prometido que ele sairia em algumas horas. Renata se acalma e [&hellip;]<\/p>\n","protected":false},"author":2,"featured_media":195893,"comment_status":"closed","ping_status":"closed","sticky":false,"template":"","format":"standard","meta":{"tdm_status":"","tdm_grid_status":"","footnotes":""},"categories":[379,2028,2025,372,343],"tags":[441],"class_list":{"0":"post-202196","1":"post","2":"type-post","3":"status-publish","4":"format-standard","5":"has-post-thumbnail","7":"category-novelas","8":"category-quando-me-apaixono","9":"category-resumo","10":"category-sbt","11":"category-televisao","12":"tag-resumo-do-dia"},"_links":{"self":[{"href":"https:\/\/migracao.redenoticia.com.br\/noticia\/wp-json\/wp\/v2\/posts\/202196","targetHints":{"allow":["GET"]}}],"collection":[{"href":"https:\/\/migracao.redenoticia.com.br\/noticia\/wp-json\/wp\/v2\/posts"}],"about":[{"href":"https:\/\/migracao.redenoticia.com.br\/noticia\/wp-json\/wp\/v2\/types\/post"}],"author":[{"embeddable":true,"href":"https:\/\/migracao.redenoticia.com.br\/noticia\/wp-json\/wp\/v2\/users\/2"}],"replies":[{"embeddable":true,"href":"https:\/\/migracao.redenoticia.com.br\/noticia\/wp-json\/wp\/v2\/comments?post=202196"}],"version-history":[{"count":0,"href":"https:\/\/migracao.redenoticia.com.br\/noticia\/wp-json\/wp\/v2\/posts\/202196\/revisions"}],"wp:featuredmedia":[{"embeddable":true,"href":"https:\/\/migracao.redenoticia.com.br\/noticia\/wp-json\/wp\/v2\/media\/195893"}],"wp:attachment":[{"href":"https:\/\/migracao.redenoticia.com.br\/noticia\/wp-json\/wp\/v2\/media?parent=202196"}],"wp:term":[{"taxonomy":"category","embeddable":true,"href":"https:\/\/migracao.redenoticia.com.br\/noticia\/wp-json\/wp\/v2\/categories?post=202196"},{"taxonomy":"post_tag","embeddable":true,"href":"https:\/\/migracao.redenoticia.com.br\/noticia\/wp-json\/wp\/v2\/tags?post=202196"}],"curies":[{"name":"wp","href":"https:\/\/api.w.org\/{rel}","templated":true}]}}