{"id":202266,"date":"2021-01-08T12:19:20","date_gmt":"2021-01-08T15:19:20","guid":{"rendered":"https:\/\/www.redenoticia.com.br\/noticia\/?p=202266"},"modified":"2021-01-08T12:19:20","modified_gmt":"2021-01-08T15:19:20","slug":"resumo-haja-coracao-09-01-tancinha-avisa-beto-que-ainda-ama-apolo","status":"publish","type":"post","link":"https:\/\/migracao.redenoticia.com.br\/noticia\/2021\/resumo-haja-coracao-09-01-tancinha-avisa-beto-que-ainda-ama-apolo\/202266","title":{"rendered":"Resumo \u201cHaja Cora\u00e7\u00e3o\u201d 09\/01: Tancinha avisa Beto que ainda ama Apolo"},"content":{"rendered":"<p><img loading=\"lazy\" decoding=\"async\" src=\"https:\/\/migracao.redenoticia.com.br\/noticia\/imagens\/haja-coracao-resumo-capitulos-novela-elenco-sinopse.jpg\" alt=\"\" width=\"1280\" height=\"720\" class=\"aligncenter size-full wp-image-198753\" srcset=\"https:\/\/migracao.redenoticia.com.br\/noticia\/imagens\/haja-coracao-resumo-capitulos-novela-elenco-sinopse.jpg 1280w, https:\/\/migracao.redenoticia.com.br\/noticia\/imagens\/haja-coracao-resumo-capitulos-novela-elenco-sinopse-250x140.jpg 250w, https:\/\/migracao.redenoticia.com.br\/noticia\/imagens\/haja-coracao-resumo-capitulos-novela-elenco-sinopse-400x225.jpg 400w, https:\/\/migracao.redenoticia.com.br\/noticia\/imagens\/haja-coracao-resumo-capitulos-novela-elenco-sinopse-768x432.jpg 768w, https:\/\/migracao.redenoticia.com.br\/noticia\/imagens\/haja-coracao-resumo-capitulos-novela-elenco-sinopse-150x85.jpg 150w\" sizes=\"auto, (max-width: 1280px) 100vw, 1280px\" \/><\/p>\n<p><em><strong>Resumo da novela &#8220;Haja Cora\u00e7\u00e3o&#8221;<\/strong><\/em> em 09\/01: no cap\u00edtulo 078(*) da novela, J\u00e9ssica n\u00e3o se conforma com o t\u00e9rmino do noivado com Felipe. Rebeca acaba com as esperan\u00e7as de Apar\u00edcio ao dizer que n\u00e3o pode perdo\u00e1-lo pelo que ele fez no passado. Apolo avisa \u00e0 fam\u00edlia que est\u00e1 bem e pede not\u00edcias de Tancinha. Nair decide aguardar a chegada de Apolo para que ele converse com Tancinha. Shirlei incentiva Francesca a n\u00e3o ter medo de se envolver com Rodrigo. Dinalda aconselha Pen\u00e9lope a n\u00e3o pressionar Henrique. Rebeca acaba com as esperan\u00e7as de Apar\u00edcio ao dizer que n\u00e3o pode perdo\u00e1-lo pelo que ele fez no passado. Apar\u00edcio conta a Giovanni sobre sua hist\u00f3ria com Rebeca e seu plano de reconquistar o amor dela fingindo ser faxineiro. Apar\u00edcio elabora um plano para ajudar Giovanni a reconquistar Camila. Shirlei recebe um presente de Ad\u00f4nis. O helic\u00f3ptero alugado por Beto encontra Apolo. Apolo fica sem entender a hostilidade com que as pessoas da vila o recebem. Tancinha deixa claro para Beto que ainda ama Apolo.<\/p>\n<p>(*) edi\u00e7\u00e3o das novelas da Globo, \u201cHaja Cora\u00e7\u00e3o\u201d, sujeito a altera\u00e7\u00e3o de data e conte\u00fado.<\/p>\n<p>Sinopse &#8220;Haja Cora\u00e7\u00e3o&#8221;: Tancinha (Mariana Ximenes) \u00e9 uma feirante simples e de bom cora\u00e7\u00e3o, mas atrapalhada e que fala gritando e errado, uma vez que foi criada junto com a av\u00f3 italiana que pouco falava portugu\u00eas. Ela vive um romance vai-e-volta com o mec\u00e2nico Apolo (Malvino Salvador), cheio de brigas e reconcilia\u00e7\u00f5es, uma vez que os dois tem personalidades fortes, mas fica balan\u00e7ada quando conhece Beto (Jo\u00e3o Baldasserini), um publicit\u00e1rio charmoso que lhe mostra um mundo de op\u00e7\u00f5es fora da feira.<\/p>\n<p>A mo\u00e7a \u00e9 a filha mais velha da Francesca (Marisa Orth), que criou-a sozinha com seus outros tr\u00eas filhos: Shirlei (Sabrina Petraglia) \u00e9 gentil e namora o lutador Ad\u00f4nis (Jos\u00e9 Loreto), embora acabe se encantando por Felipe (Marcos Pitombo) para desespero da namorada dele, J\u00e9ssica (Karen Junqueira), que faz tudo para afasta-los; a venenosa Carmela (Chandelly Braz) sempre plantou intrigas entre os irm\u00e3os por se sentir a menos amada e tenta de forma forma seduzir Ad\u00f4nis; j\u00e1 Giovanni (Jayme Matarazzo) batalha para ajudar a m\u00e3e e estuda para dar uma vida melhor para a fam\u00edlia.<\/p>\n","protected":false},"excerpt":{"rendered":"<p>Resumo da novela &#8220;Haja Cora\u00e7\u00e3o&#8221; em 09\/01: no cap\u00edtulo 078(*) da novela, J\u00e9ssica n\u00e3o se conforma com o t\u00e9rmino do noivado com Felipe. Rebeca acaba com as esperan\u00e7as de Apar\u00edcio ao dizer que n\u00e3o pode perdo\u00e1-lo pelo que ele fez no passado. Apolo avisa \u00e0 fam\u00edlia que est\u00e1 bem e pede not\u00edcias de Tancinha. Nair [&hellip;]<\/p>\n","protected":false},"author":4,"featured_media":198750,"comment_status":"closed","ping_status":"closed","sticky":false,"template":"","format":"standard","meta":{"tdm_status":"","tdm_grid_status":"","footnotes":""},"categories":[2083,379,375,2025,343],"tags":[441],"class_list":{"0":"post-202266","1":"post","2":"type-post","3":"status-publish","4":"format-standard","5":"has-post-thumbnail","7":"category-haja-coracao","8":"category-novelas","9":"category-rede-globo","10":"category-resumo","11":"category-televisao","12":"tag-resumo-do-dia"},"_links":{"self":[{"href":"https:\/\/migracao.redenoticia.com.br\/noticia\/wp-json\/wp\/v2\/posts\/202266","targetHints":{"allow":["GET"]}}],"collection":[{"href":"https:\/\/migracao.redenoticia.com.br\/noticia\/wp-json\/wp\/v2\/posts"}],"about":[{"href":"https:\/\/migracao.redenoticia.com.br\/noticia\/wp-json\/wp\/v2\/types\/post"}],"author":[{"embeddable":true,"href":"https:\/\/migracao.redenoticia.com.br\/noticia\/wp-json\/wp\/v2\/users\/4"}],"replies":[{"embeddable":true,"href":"https:\/\/migracao.redenoticia.com.br\/noticia\/wp-json\/wp\/v2\/comments?post=202266"}],"version-history":[{"count":0,"href":"https:\/\/migracao.redenoticia.com.br\/noticia\/wp-json\/wp\/v2\/posts\/202266\/revisions"}],"wp:featuredmedia":[{"embeddable":true,"href":"https:\/\/migracao.redenoticia.com.br\/noticia\/wp-json\/wp\/v2\/media\/198750"}],"wp:attachment":[{"href":"https:\/\/migracao.redenoticia.com.br\/noticia\/wp-json\/wp\/v2\/media?parent=202266"}],"wp:term":[{"taxonomy":"category","embeddable":true,"href":"https:\/\/migracao.redenoticia.com.br\/noticia\/wp-json\/wp\/v2\/categories?post=202266"},{"taxonomy":"post_tag","embeddable":true,"href":"https:\/\/migracao.redenoticia.com.br\/noticia\/wp-json\/wp\/v2\/tags?post=202266"}],"curies":[{"name":"wp","href":"https:\/\/api.w.org\/{rel}","templated":true}]}}