{"id":202268,"date":"2021-01-08T12:25:16","date_gmt":"2021-01-08T15:25:16","guid":{"rendered":"https:\/\/www.redenoticia.com.br\/noticia\/?p=202268"},"modified":"2021-01-08T12:25:16","modified_gmt":"2021-01-08T15:25:16","slug":"resumo-a-forca-do-querer-09-01-zeca-se-decepciona-com-jeiza","status":"publish","type":"post","link":"https:\/\/migracao.redenoticia.com.br\/noticia\/2021\/resumo-a-forca-do-querer-09-01-zeca-se-decepciona-com-jeiza\/202268","title":{"rendered":"Resumo &#8220;A For\u00e7a do Querer&#8221; 09\/01: Zeca se decepciona com Jeiza"},"content":{"rendered":"<p><img loading=\"lazy\" decoding=\"async\" src=\"https:\/\/migracao.redenoticia.com.br\/noticia\/imagens\/a-forca-do-querer-resumo-sinopse.jpg\" alt=\"\" width=\"1280\" height=\"720\" class=\"aligncenter size-full wp-image-195899\" srcset=\"https:\/\/migracao.redenoticia.com.br\/noticia\/imagens\/a-forca-do-querer-resumo-sinopse.jpg 1280w, https:\/\/migracao.redenoticia.com.br\/noticia\/imagens\/a-forca-do-querer-resumo-sinopse-250x140.jpg 250w, https:\/\/migracao.redenoticia.com.br\/noticia\/imagens\/a-forca-do-querer-resumo-sinopse-400x225.jpg 400w, https:\/\/migracao.redenoticia.com.br\/noticia\/imagens\/a-forca-do-querer-resumo-sinopse-768x432.jpg 768w, https:\/\/migracao.redenoticia.com.br\/noticia\/imagens\/a-forca-do-querer-resumo-sinopse-150x85.jpg 150w, https:\/\/migracao.redenoticia.com.br\/noticia\/imagens\/a-forca-do-querer-resumo-sinopse-696x392.jpg 696w, https:\/\/migracao.redenoticia.com.br\/noticia\/imagens\/a-forca-do-querer-resumo-sinopse-1068x601.jpg 1068w\" sizes=\"auto, (max-width: 1280px) 100vw, 1280px\" \/><\/p>\n<p><em><strong>Resumo da novela \u201cA For\u00e7a do Querer\u201d<\/strong><\/em> em 09\/01: no cap\u00edtulo 095(*) da novela,<\/p>\n<p>Alan n\u00e3o consegue convencer Jeiza a ficar em Los Angeles. Ritinha fala para Marilda que ir\u00e1 esperar Zeca sair da pris\u00e3o. Abel teme que o filho volte a se encantar por Ritinha. Joyce discute com Ivana, e Eug\u00eanio tenta falar com a filha. C\u00e2ndida e Aurora conversam sobre as filhas. Duda chega com Amaro \u00e0 casa de Cibele, e Anita vai embora. Jeiza desiste de sua carreira por causa de Zeca, e Alan fica enfurecido. Nonato sugere a Dita que aconselhe Silvana a procurar ajuda. Rubinho faz sucesso com as mulheres no morro e fica entusiasmado. Garcia questiona Bibi sobre o fim de seu relacionamento com Caio. Cibele afirma a Anita que n\u00e3o tentar\u00e1 mais prejudicar Ruy. Ritinha diz a Edinalva para avisar da chegada de Zeca. Mira confirma que Irene est\u00e1 apaixonada por Eug\u00eanio e se preocupa. Eug\u00eanio exige que Joyce n\u00e3o tenha mais contato com Irene. Ivana afirma a Simone que ter\u00e1 problemas em contar a verdade para Joyce. Abel recebe Zeca na porta do pres\u00eddio. C\u00e2ndida reclama de ouvir Edinalva falar de Zeca para Ritinha. Abel n\u00e3o gosta de saber que Mere cantar\u00e1 na venda de Nazar\u00e9. Zeca se decepciona com Jeiza. Ritinha entra no quarto de Zeca e o surpreende.<\/p>\n<p>(*) edi\u00e7\u00e3o das novelas da Globo, \u201cA For\u00e7a do Querer\u201d, sujeito a altera\u00e7\u00e3o de data e conte\u00fado.<\/p>\n<p>Sinopse \u201cA For\u00e7a do Querer\u201d: esta \u00e9 a hist\u00f3ria de Rita (Isis Valverde), uma jovem apaixonada por si mesmo e que adora sentir o fasc\u00ednio que exerce sobre os homens &#8211; assim como as sereias. Zeca (Marco Pigossi) \u00e9 caminhoneiro rude, passional e com um cora\u00e7\u00e3o enorme. Trabalhador, nunca se deixou levar pelos coment\u00e1rios maldosos sobre a personalidade de Rita. Apaixonado pela gata, fica arrasado ao saber de seu envolvimento com Ruy. Orgulhoso, se muda para o Rio de Janeiro para recome\u00e7ar a vida e se aproxima de Jeiza. Ruy (Fiuk) \u00e9 o filho de Eug\u00eanio e Joyce. Est\u00e1 sendo treinado para substituir o pai na empresa da fam\u00edlia. Noivo de Cibele, se encanta por Rita durante uma viagem ao Par\u00e1.<\/p>\n","protected":false},"excerpt":{"rendered":"<p>Resumo da novela \u201cA For\u00e7a do Querer\u201d em 09\/01: no cap\u00edtulo 095(*) da novela, Alan n\u00e3o consegue convencer Jeiza a ficar em Los Angeles. Ritinha fala para Marilda que ir\u00e1 esperar Zeca sair da pris\u00e3o. Abel teme que o filho volte a se encantar por Ritinha. Joyce discute com Ivana, e Eug\u00eanio tenta falar com [&hellip;]<\/p>\n","protected":false},"author":4,"featured_media":195901,"comment_status":"closed","ping_status":"closed","sticky":false,"template":"","format":"standard","meta":{"tdm_status":"","tdm_grid_status":"","footnotes":""},"categories":[2027,379,375,2025,343],"tags":[441],"class_list":{"0":"post-202268","1":"post","2":"type-post","3":"status-publish","4":"format-standard","5":"has-post-thumbnail","7":"category-a-forca-do-querer","8":"category-novelas","9":"category-rede-globo","10":"category-resumo","11":"category-televisao","12":"tag-resumo-do-dia"},"_links":{"self":[{"href":"https:\/\/migracao.redenoticia.com.br\/noticia\/wp-json\/wp\/v2\/posts\/202268","targetHints":{"allow":["GET"]}}],"collection":[{"href":"https:\/\/migracao.redenoticia.com.br\/noticia\/wp-json\/wp\/v2\/posts"}],"about":[{"href":"https:\/\/migracao.redenoticia.com.br\/noticia\/wp-json\/wp\/v2\/types\/post"}],"author":[{"embeddable":true,"href":"https:\/\/migracao.redenoticia.com.br\/noticia\/wp-json\/wp\/v2\/users\/4"}],"replies":[{"embeddable":true,"href":"https:\/\/migracao.redenoticia.com.br\/noticia\/wp-json\/wp\/v2\/comments?post=202268"}],"version-history":[{"count":0,"href":"https:\/\/migracao.redenoticia.com.br\/noticia\/wp-json\/wp\/v2\/posts\/202268\/revisions"}],"wp:featuredmedia":[{"embeddable":true,"href":"https:\/\/migracao.redenoticia.com.br\/noticia\/wp-json\/wp\/v2\/media\/195901"}],"wp:attachment":[{"href":"https:\/\/migracao.redenoticia.com.br\/noticia\/wp-json\/wp\/v2\/media?parent=202268"}],"wp:term":[{"taxonomy":"category","embeddable":true,"href":"https:\/\/migracao.redenoticia.com.br\/noticia\/wp-json\/wp\/v2\/categories?post=202268"},{"taxonomy":"post_tag","embeddable":true,"href":"https:\/\/migracao.redenoticia.com.br\/noticia\/wp-json\/wp\/v2\/tags?post=202268"}],"curies":[{"name":"wp","href":"https:\/\/api.w.org\/{rel}","templated":true}]}}