{"id":202308,"date":"2021-01-10T13:17:02","date_gmt":"2021-01-10T16:17:02","guid":{"rendered":"https:\/\/www.redenoticia.com.br\/noticia\/?p=202308"},"modified":"2021-01-10T13:17:02","modified_gmt":"2021-01-10T16:17:02","slug":"resumo-chiquititas-11-01-junior-descobre-que-seu-pai-esta-por-tras-do-acidente-de-miguel","status":"publish","type":"post","link":"https:\/\/migracao.redenoticia.com.br\/noticia\/2021\/resumo-chiquititas-11-01-junior-descobre-que-seu-pai-esta-por-tras-do-acidente-de-miguel\/202308","title":{"rendered":"Resumo \u201cChiquititas\u201d 11\/01: J\u00fanior descobre que seu pai est\u00e1 por tr\u00e1s do acidente de Miguel"},"content":{"rendered":"<p><img loading=\"lazy\" decoding=\"async\" class=\"aligncenter size-full wp-image-195897\" src=\"https:\/\/migracao.redenoticia.com.br\/noticia\/imagens\/chiquititas-resumo-sinopse.jpg\" alt=\"\" width=\"1280\" height=\"720\" srcset=\"https:\/\/migracao.redenoticia.com.br\/noticia\/imagens\/chiquititas-resumo-sinopse.jpg 1280w, https:\/\/migracao.redenoticia.com.br\/noticia\/imagens\/chiquititas-resumo-sinopse-250x140.jpg 250w, https:\/\/migracao.redenoticia.com.br\/noticia\/imagens\/chiquititas-resumo-sinopse-400x225.jpg 400w, https:\/\/migracao.redenoticia.com.br\/noticia\/imagens\/chiquititas-resumo-sinopse-768x432.jpg 768w, https:\/\/migracao.redenoticia.com.br\/noticia\/imagens\/chiquititas-resumo-sinopse-150x85.jpg 150w, https:\/\/migracao.redenoticia.com.br\/noticia\/imagens\/chiquititas-resumo-sinopse-696x392.jpg 696w, https:\/\/migracao.redenoticia.com.br\/noticia\/imagens\/chiquititas-resumo-sinopse-1068x601.jpg 1068w\" sizes=\"auto, (max-width: 1280px) 100vw, 1280px\" \/><\/p>\n<p><strong><em>Resumo da novela \u201cChiquititas\u201d<\/em><\/strong> em 11\/01: no cap\u00edtulo 132(*) da novela, todas as crian\u00e7as jogam na fogueira os pap\u00e9is com os medos. Antes de dormir, os meninos decidem sair da barraca para assustar as meninas que est\u00e3o dentro da barraca delas. Mili e Pata flagram os meninos e acalmam as meninas. Para darem o troco, as meninas desmontam a barraca dos meninos com eles dentro. Carol e Fernando jantam e conversam. Carol elogia a comida feita por Fernando. Ele tenta beijar ela antes de ir embora, mas sem sucesso. No dia seguinte, Beto diz para Carol que ela est\u00e1 nitidamente apaixonada por Fernando.<\/p>\n<p>Na TV, \u00e9 exibida as imagens do surto de Tom\u00e1s Ferraz em um programa de celebridades (De Olho na Fama). \u00c9 revelado para todos que o namoro de Tom\u00e1s Ferraz com \u00c9rica era uma fraude. No acampamento, as crian\u00e7as se divertem antes de sair para uma grande atividade na mata. Atrav\u00e9s dos desenhos de Gabriela, Junior chega \u00e0 conclus\u00e3o que foi Jos\u00e9 Ricardo, seu pai, que est\u00e1 por tr\u00e1s do acidente de helic\u00f3ptero de Miguel. As Chiquititas v\u00e3o para a mata divididos em grupos.<\/p>\n<p>(*) edi\u00e7\u00e3o das novelas do SBT, \u201cChiquititas\u201d, sujeito a altera\u00e7\u00e3o de data e conte\u00fado.<\/p>\n","protected":false},"excerpt":{"rendered":"<p>Resumo da novela \u201cChiquititas\u201d em 11\/01: no cap\u00edtulo 132(*) da novela, todas as crian\u00e7as jogam na fogueira os pap\u00e9is com os medos. Antes de dormir, os meninos decidem sair da barraca para assustar as meninas que est\u00e3o dentro da barraca delas. Mili e Pata flagram os meninos e acalmam as meninas. Para darem o troco, [&hellip;]<\/p>\n","protected":false},"author":4,"featured_media":195894,"comment_status":"closed","ping_status":"closed","sticky":false,"template":"","format":"standard","meta":{"tdm_status":"","tdm_grid_status":"","footnotes":""},"categories":[409,379,2025,372,343],"tags":[441],"class_list":{"0":"post-202308","1":"post","2":"type-post","3":"status-publish","4":"format-standard","5":"has-post-thumbnail","7":"category-chiquititas","8":"category-novelas","9":"category-resumo","10":"category-sbt","11":"category-televisao","12":"tag-resumo-do-dia"},"_links":{"self":[{"href":"https:\/\/migracao.redenoticia.com.br\/noticia\/wp-json\/wp\/v2\/posts\/202308","targetHints":{"allow":["GET"]}}],"collection":[{"href":"https:\/\/migracao.redenoticia.com.br\/noticia\/wp-json\/wp\/v2\/posts"}],"about":[{"href":"https:\/\/migracao.redenoticia.com.br\/noticia\/wp-json\/wp\/v2\/types\/post"}],"author":[{"embeddable":true,"href":"https:\/\/migracao.redenoticia.com.br\/noticia\/wp-json\/wp\/v2\/users\/4"}],"replies":[{"embeddable":true,"href":"https:\/\/migracao.redenoticia.com.br\/noticia\/wp-json\/wp\/v2\/comments?post=202308"}],"version-history":[{"count":0,"href":"https:\/\/migracao.redenoticia.com.br\/noticia\/wp-json\/wp\/v2\/posts\/202308\/revisions"}],"wp:featuredmedia":[{"embeddable":true,"href":"https:\/\/migracao.redenoticia.com.br\/noticia\/wp-json\/wp\/v2\/media\/195894"}],"wp:attachment":[{"href":"https:\/\/migracao.redenoticia.com.br\/noticia\/wp-json\/wp\/v2\/media?parent=202308"}],"wp:term":[{"taxonomy":"category","embeddable":true,"href":"https:\/\/migracao.redenoticia.com.br\/noticia\/wp-json\/wp\/v2\/categories?post=202308"},{"taxonomy":"post_tag","embeddable":true,"href":"https:\/\/migracao.redenoticia.com.br\/noticia\/wp-json\/wp\/v2\/tags?post=202308"}],"curies":[{"name":"wp","href":"https:\/\/api.w.org\/{rel}","templated":true}]}}