{"id":202339,"date":"2021-01-11T19:00:06","date_gmt":"2021-01-11T22:00:06","guid":{"rendered":"https:\/\/www.redenoticia.com.br\/noticia\/?p=202339"},"modified":"2021-01-11T19:00:06","modified_gmt":"2021-01-11T22:00:06","slug":"resumo-lacos-de-familia-12-01-camila-comunica-que-vai-entrar-na-igreja-com-pedro","status":"publish","type":"post","link":"https:\/\/migracao.redenoticia.com.br\/noticia\/2021\/resumo-lacos-de-familia-12-01-camila-comunica-que-vai-entrar-na-igreja-com-pedro\/202339","title":{"rendered":"Resumo \u201cLa\u00e7os de Fam\u00edlia\u201d 12\/01: Camila comunica que vai entrar na igreja com Pedro"},"content":{"rendered":"<p> <img loading=\"lazy\" decoding=\"async\" class=\"aligncenter size-full wp-image-197365\" src=\"https:\/\/migracao.redenoticia.com.br\/noticia\/imagens\/lacos-de-familia-resumo-sinopse-elenco-helena-camila-edu.jpg\" alt=\"\" width=\"1280\" height=\"720\" srcset=\"https:\/\/migracao.redenoticia.com.br\/noticia\/imagens\/lacos-de-familia-resumo-sinopse-elenco-helena-camila-edu.jpg 1280w, https:\/\/migracao.redenoticia.com.br\/noticia\/imagens\/lacos-de-familia-resumo-sinopse-elenco-helena-camila-edu-250x140.jpg 250w, https:\/\/migracao.redenoticia.com.br\/noticia\/imagens\/lacos-de-familia-resumo-sinopse-elenco-helena-camila-edu-400x225.jpg 400w, https:\/\/migracao.redenoticia.com.br\/noticia\/imagens\/lacos-de-familia-resumo-sinopse-elenco-helena-camila-edu-768x432.jpg 768w, https:\/\/migracao.redenoticia.com.br\/noticia\/imagens\/lacos-de-familia-resumo-sinopse-elenco-helena-camila-edu-150x85.jpg 150w\" sizes=\"auto, (max-width: 1280px) 100vw, 1280px\" \/><\/p>\n<p><em><strong>Resumo da novela \u201cLa\u00e7os de Fam\u00edlia\u201d<\/strong><\/em> em 12\/01: no cap\u00edtulo 092(*) da novela, \u00cdris briga com C\u00edntia e diz que nunca vai perdo\u00e1-la. Irritada, C\u00edntia d\u00e1 uma bofetada na cara de \u00cdris. Fred conta para Helena que Capitu n\u00e3o quer mais nada com ele. C\u00edntia pede desculpa a \u00cdris, mas ela recusa. Pedro aparece na hora e \u00cdris vai embora. Capitu se arruma para mais um programa com Orlando. Camila comunica que vai entrar na igreja com Pedro e Alma desconfia. <\/p>\n<p>Orlando avisa que j\u00e1 levantou a ficha de Maurinho e oferece um anel de noivado para Capitu. Miguel telefona para Helena e os dois trocam car\u00edcias. Fred entra na casa de Capitu para entregar Bruninho. Os dois trocam olhares apaixonados e se beijam.<\/p>\n<p>(*) edi\u00e7\u00e3o das novelas da Globo, \u201cLa\u00e7os de Fam\u00edlia\u201d, sujeito a altera\u00e7\u00e3o de data e conte\u00fado.<\/p>\n<p>Sinopse &#8220;La\u00e7os de Fam\u00edlia&#8221;: Helena (Vera Fischer) est\u00e1 a caminho da praia quando seu carro se choca com o do jovem m\u00e9dico Edu (Reynaldo Gianecchini). De in\u00edcio os dois se estranham, mas depois acabam se envolvendo. O acidente acontece em frente \u00e0 livraria Dom Casmurro, de propriedade de Miguel (Tony Ramos), que se encanta imediatamente por ela. Helena \u00e9 m\u00e3e de Camila (Carolina Dieckmann). Com o tempo, Camila descobre que est\u00e1 apaixonada por Edu e que \u00e9 correspondida.<\/p>\n","protected":false},"excerpt":{"rendered":"<p>Resumo da novela \u201cLa\u00e7os de Fam\u00edlia\u201d em 12\/01: no cap\u00edtulo 092(*) da novela, \u00cdris briga com C\u00edntia e diz que nunca vai perdo\u00e1-la. Irritada, C\u00edntia d\u00e1 uma bofetada na cara de \u00cdris. Fred conta para Helena que Capitu n\u00e3o quer mais nada com ele. C\u00edntia pede desculpa a \u00cdris, mas ela recusa. Pedro aparece na [&hellip;]<\/p>\n","protected":false},"author":2,"featured_media":197366,"comment_status":"closed","ping_status":"closed","sticky":false,"template":"","format":"standard","meta":{"tdm_status":"","tdm_grid_status":"","footnotes":""},"categories":[2061,379,375,2025,343],"tags":[441],"class_list":{"0":"post-202339","1":"post","2":"type-post","3":"status-publish","4":"format-standard","5":"has-post-thumbnail","7":"category-lacos-de-familia","8":"category-novelas","9":"category-rede-globo","10":"category-resumo","11":"category-televisao","12":"tag-resumo-do-dia"},"_links":{"self":[{"href":"https:\/\/migracao.redenoticia.com.br\/noticia\/wp-json\/wp\/v2\/posts\/202339","targetHints":{"allow":["GET"]}}],"collection":[{"href":"https:\/\/migracao.redenoticia.com.br\/noticia\/wp-json\/wp\/v2\/posts"}],"about":[{"href":"https:\/\/migracao.redenoticia.com.br\/noticia\/wp-json\/wp\/v2\/types\/post"}],"author":[{"embeddable":true,"href":"https:\/\/migracao.redenoticia.com.br\/noticia\/wp-json\/wp\/v2\/users\/2"}],"replies":[{"embeddable":true,"href":"https:\/\/migracao.redenoticia.com.br\/noticia\/wp-json\/wp\/v2\/comments?post=202339"}],"version-history":[{"count":0,"href":"https:\/\/migracao.redenoticia.com.br\/noticia\/wp-json\/wp\/v2\/posts\/202339\/revisions"}],"wp:featuredmedia":[{"embeddable":true,"href":"https:\/\/migracao.redenoticia.com.br\/noticia\/wp-json\/wp\/v2\/media\/197366"}],"wp:attachment":[{"href":"https:\/\/migracao.redenoticia.com.br\/noticia\/wp-json\/wp\/v2\/media?parent=202339"}],"wp:term":[{"taxonomy":"category","embeddable":true,"href":"https:\/\/migracao.redenoticia.com.br\/noticia\/wp-json\/wp\/v2\/categories?post=202339"},{"taxonomy":"post_tag","embeddable":true,"href":"https:\/\/migracao.redenoticia.com.br\/noticia\/wp-json\/wp\/v2\/tags?post=202339"}],"curies":[{"name":"wp","href":"https:\/\/api.w.org\/{rel}","templated":true}]}}