{"id":202343,"date":"2021-01-11T19:02:21","date_gmt":"2021-01-11T22:02:21","guid":{"rendered":"https:\/\/www.redenoticia.com.br\/noticia\/?p=202343"},"modified":"2021-01-11T19:02:21","modified_gmt":"2021-01-11T22:02:21","slug":"resumo-haja-coracao-12-01-beto-flagra-penelope-com-henrique","status":"publish","type":"post","link":"https:\/\/migracao.redenoticia.com.br\/noticia\/2021\/resumo-haja-coracao-12-01-beto-flagra-penelope-com-henrique\/202343","title":{"rendered":"Resumo \u201cHaja Cora\u00e7\u00e3o\u201d 12\/01: Beto flagra Pen\u00e9lope com Henrique"},"content":{"rendered":"<p> <img loading=\"lazy\" decoding=\"async\" class=\"aligncenter size-full wp-image-198753\" src=\"https:\/\/migracao.redenoticia.com.br\/noticia\/imagens\/haja-coracao-resumo-capitulos-novela-elenco-sinopse.jpg\" alt=\"\" width=\"1280\" height=\"720\" srcset=\"https:\/\/migracao.redenoticia.com.br\/noticia\/imagens\/haja-coracao-resumo-capitulos-novela-elenco-sinopse.jpg 1280w, https:\/\/migracao.redenoticia.com.br\/noticia\/imagens\/haja-coracao-resumo-capitulos-novela-elenco-sinopse-250x140.jpg 250w, https:\/\/migracao.redenoticia.com.br\/noticia\/imagens\/haja-coracao-resumo-capitulos-novela-elenco-sinopse-400x225.jpg 400w, https:\/\/migracao.redenoticia.com.br\/noticia\/imagens\/haja-coracao-resumo-capitulos-novela-elenco-sinopse-768x432.jpg 768w, https:\/\/migracao.redenoticia.com.br\/noticia\/imagens\/haja-coracao-resumo-capitulos-novela-elenco-sinopse-150x85.jpg 150w\" sizes=\"auto, (max-width: 1280px) 100vw, 1280px\" \/><\/p>\n<p><em><strong>Resumo da novela &#8220;Haja Cora\u00e7\u00e3o&#8221;<\/strong><\/em> em 12\/01: no cap\u00edtulo 080(*) da novela, Carol avisa a Cris que Shirlei n\u00e3o est\u00e1 namorando Ad\u00f4nis. Francesca nota que Shirlei est\u00e1 triste desde que pediu demiss\u00e3o. Henrique constata que Felipe est\u00e1 apaixonado por Shirlei. Felipe observa Shirlei e Ad\u00f4nis de longe e conclui que eles est\u00e3o juntos. Apolo \u00e9 desprezado pela vizinhan\u00e7a da vila. Tancinha e Beto chegam de viagem e se deparam com Apolo. <\/p>\n<p>Tancinha despreza Apolo e pede a ele para esquec\u00ea-la. Apar\u00edcio e Agilson tentam se esconder de Rebeca quando ela aparece de surpresa na mans\u00e3o. Fedora e Lucr\u00e9cia acusam Rebeca de ser amante de Apar\u00edcio. Henrique pergunta a Pen\u00e9lope se ela o deixaria caso algum de seus filhos n\u00e3o gostasse dele. Beto v\u00ea Pen\u00e9lope e Henrique conversando e pergunta se os dois se conhecem. Ariovaldo simula um infarto para distrair Fedora e Lucr\u00e9cia enquanto Agilson tira Rebeca da mans\u00e3o.<\/p>\n<p>(*) edi\u00e7\u00e3o das novelas da Globo, \u201cHaja Cora\u00e7\u00e3o\u201d, sujeito a altera\u00e7\u00e3o de data e conte\u00fado.<\/p>\n<p>Sinopse &#8220;Haja Cora\u00e7\u00e3o&#8221;: Tancinha (Mariana Ximenes) \u00e9 uma feirante simples e de bom cora\u00e7\u00e3o, mas atrapalhada e que fala gritando e errado, uma vez que foi criada junto com a av\u00f3 italiana que pouco falava portugu\u00eas. Ela vive um romance vai-e-volta com o mec\u00e2nico Apolo (Malvino Salvador), cheio de brigas e reconcilia\u00e7\u00f5es, uma vez que os dois t\u00eam personalidades fortes, mas fica balan\u00e7ada quando conhece Beto (Jo\u00e3o Baldasserini), um publicit\u00e1rio charmoso que lhe mostra um mundo de op\u00e7\u00f5es fora da feira.<\/p>\n<p>A mo\u00e7a \u00e9 a filha mais velha da Francesca (Marisa Orth), que criou-a sozinha com seus outros tr\u00eas filhos: Shirlei (Sabrina Petraglia) \u00e9 gentil e namora o lutador Ad\u00f4nis (Jos\u00e9 Loreto), embora acabe se encantando por Felipe (Marcos Pitombo) para desespero da namorada dele, J\u00e9ssica (Karen Junqueira), que faz tudo para afast\u00e1-los; a venenosa Carmela (Chandelly Braz) sempre plantou intrigas entre os irm\u00e3os por se sentir a menos amada e tenta de forma forma seduzir Ad\u00f4nis; j\u00e1 Giovanni (Jayme Matarazzo) batalha para ajudar a m\u00e3e e estuda para dar uma vida melhor para a fam\u00edlia.<\/p>\n","protected":false},"excerpt":{"rendered":"<p>Resumo da novela &#8220;Haja Cora\u00e7\u00e3o&#8221; em 12\/01: no cap\u00edtulo 080(*) da novela, Carol avisa a Cris que Shirlei n\u00e3o est\u00e1 namorando Ad\u00f4nis. Francesca nota que Shirlei est\u00e1 triste desde que pediu demiss\u00e3o. Henrique constata que Felipe est\u00e1 apaixonado por Shirlei. Felipe observa Shirlei e Ad\u00f4nis de longe e conclui que eles est\u00e3o juntos. Apolo \u00e9 [&hellip;]<\/p>\n","protected":false},"author":2,"featured_media":198750,"comment_status":"closed","ping_status":"closed","sticky":false,"template":"","format":"standard","meta":{"tdm_status":"","tdm_grid_status":"","footnotes":""},"categories":[2083,379,375,2025,343],"tags":[441],"class_list":{"0":"post-202343","1":"post","2":"type-post","3":"status-publish","4":"format-standard","5":"has-post-thumbnail","7":"category-haja-coracao","8":"category-novelas","9":"category-rede-globo","10":"category-resumo","11":"category-televisao","12":"tag-resumo-do-dia"},"_links":{"self":[{"href":"https:\/\/migracao.redenoticia.com.br\/noticia\/wp-json\/wp\/v2\/posts\/202343","targetHints":{"allow":["GET"]}}],"collection":[{"href":"https:\/\/migracao.redenoticia.com.br\/noticia\/wp-json\/wp\/v2\/posts"}],"about":[{"href":"https:\/\/migracao.redenoticia.com.br\/noticia\/wp-json\/wp\/v2\/types\/post"}],"author":[{"embeddable":true,"href":"https:\/\/migracao.redenoticia.com.br\/noticia\/wp-json\/wp\/v2\/users\/2"}],"replies":[{"embeddable":true,"href":"https:\/\/migracao.redenoticia.com.br\/noticia\/wp-json\/wp\/v2\/comments?post=202343"}],"version-history":[{"count":0,"href":"https:\/\/migracao.redenoticia.com.br\/noticia\/wp-json\/wp\/v2\/posts\/202343\/revisions"}],"wp:featuredmedia":[{"embeddable":true,"href":"https:\/\/migracao.redenoticia.com.br\/noticia\/wp-json\/wp\/v2\/media\/198750"}],"wp:attachment":[{"href":"https:\/\/migracao.redenoticia.com.br\/noticia\/wp-json\/wp\/v2\/media?parent=202343"}],"wp:term":[{"taxonomy":"category","embeddable":true,"href":"https:\/\/migracao.redenoticia.com.br\/noticia\/wp-json\/wp\/v2\/categories?post=202343"},{"taxonomy":"post_tag","embeddable":true,"href":"https:\/\/migracao.redenoticia.com.br\/noticia\/wp-json\/wp\/v2\/tags?post=202343"}],"curies":[{"name":"wp","href":"https:\/\/api.w.org\/{rel}","templated":true}]}}