{"id":2024,"date":"2009-05-26T11:42:57","date_gmt":"2009-05-26T15:42:57","guid":{"rendered":"http:\/\/www.redenoticia.com.br\/noticia\/?p=2024"},"modified":"2009-05-26T13:18:13","modified_gmt":"2009-05-26T17:18:13","slug":"mudanca-de-local-da-abertura-do-dia-do-desafio-em-ji-parana","status":"publish","type":"post","link":"https:\/\/migracao.redenoticia.com.br\/noticia\/2009\/mudanca-de-local-da-abertura-do-dia-do-desafio-em-ji-parana\/2024","title":{"rendered":"Mudan\u00e7a de local da abertura do Dia do Desafio em Ji-Paran\u00e1"},"content":{"rendered":"<p>Aa abertura oficial do Dia do Desafio acontecer\u00e1 hoje (26), \u00e0 partir das 19h30, na rua que fica\u00a0entre o Dnit e o Gerivald\u00e3o. N\u00e3o ser\u00e1 na Avenida Vilagran Cabrita, como havia sido divulgado anteriormente.<\/p>\n","protected":false},"excerpt":{"rendered":"<p>Aa abertura oficial do Dia do Desafio acontecer\u00e1 hoje (26), \u00e0 partir das 19h30, na rua que fica\u00a0entre o Dnit e o Gerivald\u00e3o. N\u00e3o ser\u00e1 na Avenida Vilagran Cabrita, como havia sido divulgado anteriormente.<\/p>\n","protected":false},"author":2,"featured_media":0,"comment_status":"open","ping_status":"open","sticky":false,"template":"","format":"standard","meta":{"tdm_status":"","tdm_grid_status":"","footnotes":""},"categories":[22],"tags":[],"class_list":{"0":"post-2024","1":"post","2":"type-post","3":"status-publish","4":"format-standard","6":"category-brasil"},"_links":{"self":[{"href":"https:\/\/migracao.redenoticia.com.br\/noticia\/wp-json\/wp\/v2\/posts\/2024","targetHints":{"allow":["GET"]}}],"collection":[{"href":"https:\/\/migracao.redenoticia.com.br\/noticia\/wp-json\/wp\/v2\/posts"}],"about":[{"href":"https:\/\/migracao.redenoticia.com.br\/noticia\/wp-json\/wp\/v2\/types\/post"}],"author":[{"embeddable":true,"href":"https:\/\/migracao.redenoticia.com.br\/noticia\/wp-json\/wp\/v2\/users\/2"}],"replies":[{"embeddable":true,"href":"https:\/\/migracao.redenoticia.com.br\/noticia\/wp-json\/wp\/v2\/comments?post=2024"}],"version-history":[{"count":0,"href":"https:\/\/migracao.redenoticia.com.br\/noticia\/wp-json\/wp\/v2\/posts\/2024\/revisions"}],"wp:attachment":[{"href":"https:\/\/migracao.redenoticia.com.br\/noticia\/wp-json\/wp\/v2\/media?parent=2024"}],"wp:term":[{"taxonomy":"category","embeddable":true,"href":"https:\/\/migracao.redenoticia.com.br\/noticia\/wp-json\/wp\/v2\/categories?post=2024"},{"taxonomy":"post_tag","embeddable":true,"href":"https:\/\/migracao.redenoticia.com.br\/noticia\/wp-json\/wp\/v2\/tags?post=2024"}],"curies":[{"name":"wp","href":"https:\/\/api.w.org\/{rel}","templated":true}]}}