{"id":20241,"date":"2010-01-03T17:19:11","date_gmt":"2010-01-03T21:19:11","guid":{"rendered":"http:\/\/www.redenoticia.com.br\/noticia\/?p=20241"},"modified":"2010-01-03T23:23:56","modified_gmt":"2010-01-04T03:23:56","slug":"verao-2010-sera-de-el-nino-e-calor-acima-da-media","status":"publish","type":"post","link":"https:\/\/migracao.redenoticia.com.br\/noticia\/2010\/verao-2010-sera-de-el-nino-e-calor-acima-da-media\/20241","title":{"rendered":"Ver\u00e3o 2010 ser\u00e1 de El Ni\u00f1o e calor acima da m\u00e9dia"},"content":{"rendered":"<p><img loading=\"lazy\" decoding=\"async\" class=\"alignleft size-full wp-image-18116\" title=\"previsao do tempo meteorologia\" src=\"https:\/\/migracao.redenoticia.com.br\/noticia\/imagens\/previsao-do-tempo-meteorologia.jpg\" alt=\"previsao do tempo meteorologia\" width=\"300\" height=\"193\" srcset=\"https:\/\/migracao.redenoticia.com.br\/noticia\/imagens\/previsao-do-tempo-meteorologia.jpg 300w, https:\/\/migracao.redenoticia.com.br\/noticia\/imagens\/previsao-do-tempo-meteorologia-250x160.jpg 250w, https:\/\/migracao.redenoticia.com.br\/noticia\/imagens\/previsao-do-tempo-meteorologia-150x96.jpg 150w\" sizes=\"auto, (max-width: 300px) 100vw, 300px\" \/>O ver\u00e3o 2010, que come\u00e7a no pr\u00f3ximo dia 21 de dezembro, exatamente \u00e0s 15h47, ser\u00e1 influenciado pelo fen\u00f4meno <strong><em>El Ni\u00f1o<\/em><\/strong> &#8211; diferente dos dois \u00faltimos anos, quando tivemos a presen\u00e7a do La Ni\u00f1a. Segundo Celso Oliveira, <strong><em>meteorologista<\/em><\/strong> da Somar, a principal diferen\u00e7a do ver\u00e3o 2010 para os de 2008 e 2009 \u00e9 em rela\u00e7\u00e3o as <strong><em>temperaturas<\/em><\/strong>, que este ano ficar\u00e3o mais elevadas em todo o Pa\u00eds.<\/p>\n<p>Para se ter uma ideia, no in\u00edcio deste ano, em 5 de janeiro, Porto Alegre registrou a temperatura m\u00e1xima mais baixa da hist\u00f3ria, apenas 18\u00b0C. &#8220;Para janeiro de 2010, a chance disto acontecer \u00e9 muito menor. O ver\u00e3o deve ser mais quente que os dois \u00faltimos e at\u00e9 mesmo ligeiramente mais quente que o normal para a esta\u00e7\u00e3o no Brasil, favorecendo o turismo e a venda de artigos ligados \u00e0 esta\u00e7\u00e3o&#8221;, conta o meteorologista.<\/p>\n<p>Segundo Celso, apesar de ainda existir previs\u00e3o de chuvas abaixo da m\u00e9dia nos tr\u00eas Estados do Sul do pa\u00eds, o fen\u00f4meno El Ni\u00f1o impede a ocorr\u00eancia de estiagens prolongadas. Trata-se de outra diferen\u00e7a, j\u00e1 que nos \u00faltimos ver\u00f5es a Regi\u00e3o teve problemas de seca. Inclusive, a partir do fim da esta\u00e7\u00e3o, especificamente em mar\u00e7o de 2010, a previs\u00e3o \u00e9 de chuvas acima da m\u00e9dia.<\/p>\n<p>No Sudeste e Centro-Oeste, boa parte das chuvas ser\u00e3o registradas na forma de pancadas, associadas com a Alta da Bol\u00edvia. Os modelos de previs\u00e3o at\u00e9 indicam a forma\u00e7\u00e3o da Zona de Converg\u00eancia do Atl\u00e2ntico Sul (ZCAS), mas elas devem se formar com menos frequ\u00eancia e durar menos tempo. &#8220;Al\u00e9m disso, em anos de El Ni\u00f1o, a chuva costuma parar mais cedo, a partir de mar\u00e7o, trazendo problemas para culturas de 2\u00aa safra, como o milho safrinha. De uma forma geral, para as duas Regi\u00f5es, a previs\u00e3o \u00e9 de precipita\u00e7\u00f5es abaixo da m\u00e9dia&#8221;, afirma Celso.<\/p>\n<p>Nas Regi\u00f5es Norte e Nordeste, j\u00e1 n\u00e3o h\u00e1 previs\u00e3o de volumes elevados de chuva como o que vimos no in\u00edcio deste ano, especialmente no norte das duas Regi\u00f5es. Segundo o meteorologista, a Zona de Converg\u00eancia Intertropical (ZCIT) \u00e9 inibida pelo El Ni\u00f1o, fazendo com que as chuvas sejam mais irregulares e abaixo da m\u00e9dia, cujos efeitos ser\u00e3o sentidos no decorrer do ano.<\/p>\n","protected":false},"excerpt":{"rendered":"<p>O ver\u00e3o 2010, que come\u00e7a no pr\u00f3ximo dia 21 de dezembro, exatamente \u00e0s 15h47, ser\u00e1 influenciado pelo fen\u00f4meno El Ni\u00f1o &#8211; diferente dos dois \u00faltimos anos, quando tivemos a presen\u00e7a do La Ni\u00f1a. Segundo Celso Oliveira, meteorologista da Somar, a principal diferen\u00e7a do ver\u00e3o 2010 para os de 2008 e 2009 \u00e9 em rela\u00e7\u00e3o as [&hellip;]<\/p>\n","protected":false},"author":3,"featured_media":0,"comment_status":"open","ping_status":"open","sticky":false,"template":"","format":"standard","meta":{"tdm_status":"","tdm_grid_status":"","footnotes":""},"categories":[22,327,376],"tags":[],"class_list":{"0":"post-20241","1":"post","2":"type-post","3":"status-publish","4":"format-standard","6":"category-brasil","7":"category-clima","8":"category-clima-brasil"},"_links":{"self":[{"href":"https:\/\/migracao.redenoticia.com.br\/noticia\/wp-json\/wp\/v2\/posts\/20241","targetHints":{"allow":["GET"]}}],"collection":[{"href":"https:\/\/migracao.redenoticia.com.br\/noticia\/wp-json\/wp\/v2\/posts"}],"about":[{"href":"https:\/\/migracao.redenoticia.com.br\/noticia\/wp-json\/wp\/v2\/types\/post"}],"author":[{"embeddable":true,"href":"https:\/\/migracao.redenoticia.com.br\/noticia\/wp-json\/wp\/v2\/users\/3"}],"replies":[{"embeddable":true,"href":"https:\/\/migracao.redenoticia.com.br\/noticia\/wp-json\/wp\/v2\/comments?post=20241"}],"version-history":[{"count":0,"href":"https:\/\/migracao.redenoticia.com.br\/noticia\/wp-json\/wp\/v2\/posts\/20241\/revisions"}],"wp:attachment":[{"href":"https:\/\/migracao.redenoticia.com.br\/noticia\/wp-json\/wp\/v2\/media?parent=20241"}],"wp:term":[{"taxonomy":"category","embeddable":true,"href":"https:\/\/migracao.redenoticia.com.br\/noticia\/wp-json\/wp\/v2\/categories?post=20241"},{"taxonomy":"post_tag","embeddable":true,"href":"https:\/\/migracao.redenoticia.com.br\/noticia\/wp-json\/wp\/v2\/tags?post=20241"}],"curies":[{"name":"wp","href":"https:\/\/api.w.org\/{rel}","templated":true}]}}