{"id":202411,"date":"2021-01-13T12:21:22","date_gmt":"2021-01-13T15:21:22","guid":{"rendered":"https:\/\/www.redenoticia.com.br\/noticia\/?p=202411"},"modified":"2021-01-13T12:21:22","modified_gmt":"2021-01-13T15:21:22","slug":"resumo-flor-do-caribe-14-01-samuel-descobre-que-explosao-revelou-uma-nova-jazida","status":"publish","type":"post","link":"https:\/\/migracao.redenoticia.com.br\/noticia\/2021\/resumo-flor-do-caribe-14-01-samuel-descobre-que-explosao-revelou-uma-nova-jazida\/202411","title":{"rendered":"Resumo \u201cFlor do Caribe\u201d 14\/01: Samuel descobre que explos\u00e3o revelou uma nova jazida"},"content":{"rendered":"<p><img loading=\"lazy\" decoding=\"async\" class=\"aligncenter size-full wp-image-197364\" src=\"https:\/\/migracao.redenoticia.com.br\/noticia\/imagens\/flor-do-caribe-resumo-novela.jpg\" alt=\"\" width=\"1280\" height=\"720\" srcset=\"https:\/\/migracao.redenoticia.com.br\/noticia\/imagens\/flor-do-caribe-resumo-novela.jpg 1280w, https:\/\/migracao.redenoticia.com.br\/noticia\/imagens\/flor-do-caribe-resumo-novela-250x140.jpg 250w, https:\/\/migracao.redenoticia.com.br\/noticia\/imagens\/flor-do-caribe-resumo-novela-400x225.jpg 400w, https:\/\/migracao.redenoticia.com.br\/noticia\/imagens\/flor-do-caribe-resumo-novela-768x432.jpg 768w, https:\/\/migracao.redenoticia.com.br\/noticia\/imagens\/flor-do-caribe-resumo-novela-150x85.jpg 150w\" sizes=\"auto, (max-width: 1280px) 100vw, 1280px\" \/><\/p>\n<p><em><strong>Resumo da novela \u201cFlor do Caribe\u201d<\/strong><\/em> em 14\/01: no cap\u00edtulo 118(*) da novela, Bibiana e Donato perguntam para H\u00e9lio se ele conhece Arruda, e percebem que o filho pode estar envolvido no sequestro de Samuel. Bibiana pede a Juliano que v\u00e1 \u00e0 pol\u00edcia contar que viu H\u00e9lio e Arruda no resort. Carol decide viajar para ficar longe de Lino e Ta\u00eds, e comenta com Mila que fingir\u00e1 para a m\u00e3e que est\u00e1 indo viajar a trabalho.<\/p>\n<p>Lino afirma a Carol que a ama e que quer se casar com ela. Juliano d\u00e1 um prazo de uma semana para H\u00e9lio ir \u00e0 pol\u00edcia confessar seu envolvimento no sequestro de Samuel. Samuel descobre que a explos\u00e3o na mina revelou uma jazida de turmalina da Para\u00edba no local e conta a novidade para Cassiano.<\/p>\n<p>(*) edi\u00e7\u00e3o das novelas da Globo, \u201cFlor do Caribe\u201d, sujeito a altera\u00e7\u00e3o de data e conte\u00fado.<\/p>\n<p>Sinopse \u201cFlor do Caribe\u201d: A hist\u00f3ria se passa na fict\u00edcia Vila dos Ventos. Na novela, amigos de inf\u00e2ncia se tornam rivais por um grande amor. Cassiano (Henri Castelli), Ester (Grazi Massafera) e Alberto (Igor Rickli) s\u00e3o amigos de inf\u00e2ncia em Flor do Caribe. As temporadas de f\u00e9rias em Vila dos Ventos aproximaram os tr\u00eas, mas suas vidas seguiram caminhos distintos. Alberto se afasta por alguns anos para receber a forma\u00e7\u00e3o que lhe cabe como herdeiro do imp\u00e9rio constru\u00eddo pela fam\u00edlia Albuquerque, enquanto Ester e Cassiano vivem o amor que sentem um pelo outro e lutam para alcan\u00e7ar seus objetivos.<\/p>\n","protected":false},"excerpt":{"rendered":"<p>Resumo da novela \u201cFlor do Caribe\u201d em 14\/01: no cap\u00edtulo 118(*) da novela, Bibiana e Donato perguntam para H\u00e9lio se ele conhece Arruda, e percebem que o filho pode estar envolvido no sequestro de Samuel. Bibiana pede a Juliano que v\u00e1 \u00e0 pol\u00edcia contar que viu H\u00e9lio e Arruda no resort. Carol decide viajar para [&hellip;]<\/p>\n","protected":false},"author":4,"featured_media":197363,"comment_status":"closed","ping_status":"closed","sticky":false,"template":"","format":"standard","meta":{"tdm_status":"","tdm_grid_status":"","footnotes":""},"categories":[2056,379,375,2025,343],"tags":[441],"class_list":{"0":"post-202411","1":"post","2":"type-post","3":"status-publish","4":"format-standard","5":"has-post-thumbnail","7":"category-flor-de-caribe","8":"category-novelas","9":"category-rede-globo","10":"category-resumo","11":"category-televisao","12":"tag-resumo-do-dia"},"_links":{"self":[{"href":"https:\/\/migracao.redenoticia.com.br\/noticia\/wp-json\/wp\/v2\/posts\/202411","targetHints":{"allow":["GET"]}}],"collection":[{"href":"https:\/\/migracao.redenoticia.com.br\/noticia\/wp-json\/wp\/v2\/posts"}],"about":[{"href":"https:\/\/migracao.redenoticia.com.br\/noticia\/wp-json\/wp\/v2\/types\/post"}],"author":[{"embeddable":true,"href":"https:\/\/migracao.redenoticia.com.br\/noticia\/wp-json\/wp\/v2\/users\/4"}],"replies":[{"embeddable":true,"href":"https:\/\/migracao.redenoticia.com.br\/noticia\/wp-json\/wp\/v2\/comments?post=202411"}],"version-history":[{"count":0,"href":"https:\/\/migracao.redenoticia.com.br\/noticia\/wp-json\/wp\/v2\/posts\/202411\/revisions"}],"wp:featuredmedia":[{"embeddable":true,"href":"https:\/\/migracao.redenoticia.com.br\/noticia\/wp-json\/wp\/v2\/media\/197363"}],"wp:attachment":[{"href":"https:\/\/migracao.redenoticia.com.br\/noticia\/wp-json\/wp\/v2\/media?parent=202411"}],"wp:term":[{"taxonomy":"category","embeddable":true,"href":"https:\/\/migracao.redenoticia.com.br\/noticia\/wp-json\/wp\/v2\/categories?post=202411"},{"taxonomy":"post_tag","embeddable":true,"href":"https:\/\/migracao.redenoticia.com.br\/noticia\/wp-json\/wp\/v2\/tags?post=202411"}],"curies":[{"name":"wp","href":"https:\/\/api.w.org\/{rel}","templated":true}]}}