{"id":20243,"date":"2009-12-17T17:26:07","date_gmt":"2009-12-17T21:26:07","guid":{"rendered":"http:\/\/www.redenoticia.com.br\/noticia\/?p=20243"},"modified":"2010-01-21T18:20:09","modified_gmt":"2010-01-21T22:20:09","slug":"climatempo-chuva-de-dezembro-supera-media-em-sp","status":"publish","type":"post","link":"https:\/\/migracao.redenoticia.com.br\/noticia\/2009\/climatempo-chuva-de-dezembro-supera-media-em-sp\/20243","title":{"rendered":"Climatempo &#8211; chuva de dezembro supera m\u00e9dia em SP"},"content":{"rendered":"<p><strong><em><img loading=\"lazy\" decoding=\"async\" class=\"alignleft size-full wp-image-19270\" title=\"climatempo\" src=\"https:\/\/migracao.redenoticia.com.br\/noticia\/imagens\/climatempo2.jpg\" alt=\"climatempo\" width=\"300\" height=\"193\" srcset=\"https:\/\/migracao.redenoticia.com.br\/noticia\/imagens\/climatempo2.jpg 300w, https:\/\/migracao.redenoticia.com.br\/noticia\/imagens\/climatempo2-250x160.jpg 250w, https:\/\/migracao.redenoticia.com.br\/noticia\/imagens\/climatempo2-150x96.jpg 150w\" sizes=\"auto, (max-width: 300px) 100vw, 300px\" \/>Climatempo<\/em><\/strong> &#8211; chuva de dezembro supera a m\u00e9dia na cidade de S\u00e3o Paulo.\u00a0Na tarde de ontem, a esta\u00e7\u00e3o meteorol\u00f3gica autom\u00e1tica do Mirante de Santana (zona norte), operada pelo Inmet, mediu quase 54 mil\u00edmetros entre 15h e 20h. Quase toda a chuva, cerca de 39 mil\u00edmetros, caiu entre 16h e 17h de ontem, valor bastante elevado para o per\u00edodo de apenas uma hora. \u00a0J\u00e1 tinha chovido forte outras vezes na cidade de S\u00e3o Paulo, desde o in\u00edcio de dezembro, mas o temporal da tarde de quarta-feira era o que faltava para completar, e superar, a m\u00e9dia de chuva de dezembro. Na zona norte da cidade, a que mais sofreu com a chuva forte, o Instituto Nacional de Meteorologia registrou 55 mil\u00edmetros acumulados no Mirante de Santana. O total de chuva dezembro, at\u00e9 as 10h desta quinta-feira, subiu para 233 mil\u00edmetros, 15% acima da m\u00e9dia que \u00e9 de 202 mil\u00edmetros.<\/p>\n<p>Segundo a Climatempo, os paulistanos n\u00e3o ter\u00e3o problemas com temporais na sexta-feira, mas v\u00e3o passar o dia com c\u00e9u nublado e sem muito calor.\u00a0A previs\u00e3o para o fim de semana \u00e9 ainda mais animadora. A entrada de uma massa de ar seco sobre a cidade vai diminuir os n\u00edveis de umidade, a quantidade de nuvens e a possibilidade de chuva. O s\u00e1bado vai amanhecer nublado e com temperatura amena, mas o sol aparece antes do fim da manh\u00e3 e n\u00e3o h\u00e1 previs\u00e3o de chuva no decorrer do dia.<\/p>\n<p>Previs\u00e3o Climatempo &#8211; O \u00faltimo domingo da primavera promete ter muito sol, calor e nada de chuva na cidade de S\u00e3o Paulo. Na segunda-feira, primeiro dia do ver\u00e3o, o sol vai predominar e a temperatura segue alta. Outra frente fria deve chegar apenas no Natal.<\/p>\n<p>Sobre o Grupo Climatempo &#8211;\u00a0O Grupo Climatempo \u00e9 a maior empresa privada de meteorologia do pa\u00eds. Fornece, atualmente, conte\u00fado para mais de 50 retransmissoras nacionais de televis\u00e3o, para r\u00e1dios de todo o Brasil e para os principais portais. Com cerca de 1.100 clientes, a empresa atua principalmente em dois segmentos: o de agroneg\u00f3cios e o de meios de comunica\u00e7\u00e3o. Oferece tamb\u00e9m conte\u00fado meteorol\u00f3gico estrat\u00e9gico para empresas de moda e varejo, energia el\u00e9trica, constru\u00e7\u00e3o civil, transporte e log\u00edstica, al\u00e9m de bancos, seguradoras e ind\u00fastrias farmac\u00eautica e de alimentos. O Grupo \u00e9 presidido pelo meteorologista Carlos Magno que, com mais de 23 anos de carreira, foi um dos primeiros comunicadores da profiss\u00e3o no Pa\u00eds.<\/p>\n","protected":false},"excerpt":{"rendered":"<p>Climatempo &#8211; chuva de dezembro supera a m\u00e9dia na cidade de S\u00e3o Paulo.\u00a0Na tarde de ontem, a esta\u00e7\u00e3o meteorol\u00f3gica autom\u00e1tica do Mirante de Santana (zona norte), operada pelo Inmet, mediu quase 54 mil\u00edmetros entre 15h e 20h. Quase toda a chuva, cerca de 39 mil\u00edmetros, caiu entre 16h e 17h de ontem, valor bastante elevado [&hellip;]<\/p>\n","protected":false},"author":3,"featured_media":15142,"comment_status":"open","ping_status":"open","sticky":false,"template":"","format":"standard","meta":{"tdm_status":"","tdm_grid_status":"","footnotes":""},"categories":[327],"tags":[],"class_list":{"0":"post-20243","1":"post","2":"type-post","3":"status-publish","4":"format-standard","5":"has-post-thumbnail","7":"category-clima"},"_links":{"self":[{"href":"https:\/\/migracao.redenoticia.com.br\/noticia\/wp-json\/wp\/v2\/posts\/20243","targetHints":{"allow":["GET"]}}],"collection":[{"href":"https:\/\/migracao.redenoticia.com.br\/noticia\/wp-json\/wp\/v2\/posts"}],"about":[{"href":"https:\/\/migracao.redenoticia.com.br\/noticia\/wp-json\/wp\/v2\/types\/post"}],"author":[{"embeddable":true,"href":"https:\/\/migracao.redenoticia.com.br\/noticia\/wp-json\/wp\/v2\/users\/3"}],"replies":[{"embeddable":true,"href":"https:\/\/migracao.redenoticia.com.br\/noticia\/wp-json\/wp\/v2\/comments?post=20243"}],"version-history":[{"count":0,"href":"https:\/\/migracao.redenoticia.com.br\/noticia\/wp-json\/wp\/v2\/posts\/20243\/revisions"}],"wp:featuredmedia":[{"embeddable":true,"href":"https:\/\/migracao.redenoticia.com.br\/noticia\/wp-json\/wp\/v2\/media\/15142"}],"wp:attachment":[{"href":"https:\/\/migracao.redenoticia.com.br\/noticia\/wp-json\/wp\/v2\/media?parent=20243"}],"wp:term":[{"taxonomy":"category","embeddable":true,"href":"https:\/\/migracao.redenoticia.com.br\/noticia\/wp-json\/wp\/v2\/categories?post=20243"},{"taxonomy":"post_tag","embeddable":true,"href":"https:\/\/migracao.redenoticia.com.br\/noticia\/wp-json\/wp\/v2\/tags?post=20243"}],"curies":[{"name":"wp","href":"https:\/\/api.w.org\/{rel}","templated":true}]}}