{"id":202450,"date":"2021-01-14T23:03:00","date_gmt":"2021-01-15T02:03:00","guid":{"rendered":"https:\/\/www.redenoticia.com.br\/noticia\/?p=202450"},"modified":"2021-01-14T23:03:00","modified_gmt":"2021-01-15T02:03:00","slug":"resumo-lacos-de-familia-15-01-ema-corta-o-vestido-de-noiva-de-camila","status":"publish","type":"post","link":"https:\/\/migracao.redenoticia.com.br\/noticia\/2021\/resumo-lacos-de-familia-15-01-ema-corta-o-vestido-de-noiva-de-camila\/202450","title":{"rendered":"Resumo \u201cLa\u00e7os de Fam\u00edlia\u201d 15\/01: Ema corta o vestido de noiva de Camila"},"content":{"rendered":"<p> <img loading=\"lazy\" decoding=\"async\" class=\"aligncenter size-full wp-image-197365\" src=\"https:\/\/migracao.redenoticia.com.br\/noticia\/imagens\/lacos-de-familia-resumo-sinopse-elenco-helena-camila-edu.jpg\" alt=\"\" width=\"1280\" height=\"720\" srcset=\"https:\/\/migracao.redenoticia.com.br\/noticia\/imagens\/lacos-de-familia-resumo-sinopse-elenco-helena-camila-edu.jpg 1280w, https:\/\/migracao.redenoticia.com.br\/noticia\/imagens\/lacos-de-familia-resumo-sinopse-elenco-helena-camila-edu-250x140.jpg 250w, https:\/\/migracao.redenoticia.com.br\/noticia\/imagens\/lacos-de-familia-resumo-sinopse-elenco-helena-camila-edu-400x225.jpg 400w, https:\/\/migracao.redenoticia.com.br\/noticia\/imagens\/lacos-de-familia-resumo-sinopse-elenco-helena-camila-edu-768x432.jpg 768w, https:\/\/migracao.redenoticia.com.br\/noticia\/imagens\/lacos-de-familia-resumo-sinopse-elenco-helena-camila-edu-150x85.jpg 150w\" sizes=\"auto, (max-width: 1280px) 100vw, 1280px\" \/><\/p>\n<p><em><strong>Resumo da novela \u201cLa\u00e7os de Fam\u00edlia\u201d<\/strong><\/em> em 15\/01: no cap\u00edtulo 095(*) da novela, Clara fala em voltar, mas Fred muda de assunto. Miguel d\u00e1 uma de barman, preparando drinques para todos. \u00cdris se abra\u00e7a com a irm\u00e3. Pedro e Fred cavalgam juntos. Edu e Camila namoram. Alma promete interceder a favor do aumento de C\u00edntia. Pedro v\u00ea Miguel e Helena se beijando. O casal nem percebe a presen\u00e7a de Pedro, que vai embora espumando de raiva. Clara fica de olho em \u00cdris. Todos estranham a aus\u00eancia de Pedro na hora da comida. Camila \u00e9 enviada para convenc\u00ea-lo a se juntar a todos. Alex aconselha Ana na escolha de um cachorro. Alma faz um brinde. Ema corta o vestido de noiva de Camila. <\/p>\n<p>Danilo faz charme para C\u00edntia. \u00cdris continua ignorando a veterin\u00e1ria. Pedro engrossa e avisa que n\u00e3o vai dar aumento para C\u00edntia, que promete tomar uma atitude. Bira n\u00e3o entende nada ao ver Maurinho se aproximando de Simone. Ele insiste que quer a grana e os dois saem de carro para conversar. Simone prop\u00f5e uma alian\u00e7a e os dois acabam num quarto de motel. Helena est\u00e1 sozinha em casa. Pedro, no haras. Simone fica com \u00f3dio de Maurinho que insiste com a grana e a chantagem. Capitu consola-a, sem saber porque a amiga chora. Helena se surpreende ao abrir a porta e se deparar com Pedro.<\/p>\n<p>(*) edi\u00e7\u00e3o das novelas da Globo, \u201cLa\u00e7os de Fam\u00edlia\u201d, sujeito a altera\u00e7\u00e3o de data e conte\u00fado.<\/p>\n<p>Sinopse &#8220;La\u00e7os de Fam\u00edlia&#8221;: Helena (Vera Fischer) est\u00e1 a caminho da praia quando seu carro se choca com o do jovem m\u00e9dico Edu (Reynaldo Gianecchini). De in\u00edcio os dois se estranham, mas depois acabam se envolvendo. O acidente acontece em frente \u00e0 livraria Dom Casmurro, de propriedade de Miguel (Tony Ramos), que se encanta imediatamente por ela. Helena \u00e9 m\u00e3e de Camila (Carolina Dieckmann). Com o tempo, Camila descobre que est\u00e1 apaixonada por Edu e que \u00e9 correspondida.<\/p>\n","protected":false},"excerpt":{"rendered":"<p>Resumo da novela \u201cLa\u00e7os de Fam\u00edlia\u201d em 15\/01: no cap\u00edtulo 095(*) da novela, Clara fala em voltar, mas Fred muda de assunto. Miguel d\u00e1 uma de barman, preparando drinques para todos. \u00cdris se abra\u00e7a com a irm\u00e3. Pedro e Fred cavalgam juntos. Edu e Camila namoram. Alma promete interceder a favor do aumento de C\u00edntia. [&hellip;]<\/p>\n","protected":false},"author":2,"featured_media":197366,"comment_status":"closed","ping_status":"closed","sticky":false,"template":"","format":"standard","meta":{"tdm_status":"","tdm_grid_status":"","footnotes":""},"categories":[2061,379,375,2025,343],"tags":[441],"class_list":{"0":"post-202450","1":"post","2":"type-post","3":"status-publish","4":"format-standard","5":"has-post-thumbnail","7":"category-lacos-de-familia","8":"category-novelas","9":"category-rede-globo","10":"category-resumo","11":"category-televisao","12":"tag-resumo-do-dia"},"_links":{"self":[{"href":"https:\/\/migracao.redenoticia.com.br\/noticia\/wp-json\/wp\/v2\/posts\/202450","targetHints":{"allow":["GET"]}}],"collection":[{"href":"https:\/\/migracao.redenoticia.com.br\/noticia\/wp-json\/wp\/v2\/posts"}],"about":[{"href":"https:\/\/migracao.redenoticia.com.br\/noticia\/wp-json\/wp\/v2\/types\/post"}],"author":[{"embeddable":true,"href":"https:\/\/migracao.redenoticia.com.br\/noticia\/wp-json\/wp\/v2\/users\/2"}],"replies":[{"embeddable":true,"href":"https:\/\/migracao.redenoticia.com.br\/noticia\/wp-json\/wp\/v2\/comments?post=202450"}],"version-history":[{"count":0,"href":"https:\/\/migracao.redenoticia.com.br\/noticia\/wp-json\/wp\/v2\/posts\/202450\/revisions"}],"wp:featuredmedia":[{"embeddable":true,"href":"https:\/\/migracao.redenoticia.com.br\/noticia\/wp-json\/wp\/v2\/media\/197366"}],"wp:attachment":[{"href":"https:\/\/migracao.redenoticia.com.br\/noticia\/wp-json\/wp\/v2\/media?parent=202450"}],"wp:term":[{"taxonomy":"category","embeddable":true,"href":"https:\/\/migracao.redenoticia.com.br\/noticia\/wp-json\/wp\/v2\/categories?post=202450"},{"taxonomy":"post_tag","embeddable":true,"href":"https:\/\/migracao.redenoticia.com.br\/noticia\/wp-json\/wp\/v2\/tags?post=202450"}],"curies":[{"name":"wp","href":"https:\/\/api.w.org\/{rel}","templated":true}]}}