{"id":2025,"date":"2009-05-26T11:47:32","date_gmt":"2009-05-26T15:47:32","guid":{"rendered":"http:\/\/www.redenoticia.com.br\/noticia\/?p=2025"},"modified":"2009-05-26T13:19:06","modified_gmt":"2009-05-26T17:19:06","slug":"finep-contempla-rondonia-no-edital-de-r-155-milhoes-para-incubadoras","status":"publish","type":"post","link":"https:\/\/migracao.redenoticia.com.br\/noticia\/2009\/finep-contempla-rondonia-no-edital-de-r-155-milhoes-para-incubadoras\/2025","title":{"rendered":"FINEP contempla RONDONIA no edital de R$ 15,5 milh\u00f5es para incubadoras"},"content":{"rendered":"<p class=\"MsoNormal\" style=\"margin-bottom: 12pt;\"><strong><span style=\"font-size: 9pt; font-family: Arial; color: black;\"> <\/span><\/strong><span style=\"font-size: 9pt; font-family: Arial; color: black;\">Incubadoras de empresas de base tecnol\u00f3gica e de empreendimentos econ\u00f4micos solid\u00e1rios acabam de ganhar uma oportunidade de apoio de R$ 15,5 milh\u00f5es. Este \u00e9 o total oferecido por meio do <a href=\"http:\/\/www.finep.gov.br\/fundos_setoriais\/acao_transversal\/editais\/Chamada%20Publica%20PNI%20PRONINC%20Versao%2005-05-2009%20v4%20_1_.pdf\" target=\"_blank\">edital <\/a>rec\u00e9m-lan\u00e7ado pela FINEP, com recursos n\u00e3o-reembols\u00e1veis dos Fundos Setoriais. O objetivo \u00e9 formar redes para promover um aumento da taxa de sucesso ou sustentabilidade das iniciativas incubadas.<\/p>\n<p>A linha 1 do edital disp\u00f5e de R$ 12 milh\u00f5es para incubadoras de empresas de base tecnol\u00f3gica\u00a0 em 18 estados: Tocantins, Par\u00e1, Amap\u00e1, Roraima, Acre, <strong>Rond\u00f4nia<\/strong>, Bahia, Alagoas, Rio Grande do Norte, Cear\u00e1, Piau\u00ed, Maranh\u00e3o, Mato Grosso do Sul, Mato Grosso, Goi\u00e1s, Distrito Federal, Esp\u00edrito Santo e Paran\u00e1.<\/p>\n<p>A linha 2 oferece R$ 3,5 milh\u00f5es para incubadoras de empreendimentos econ\u00f4micos solid\u00e1rios, prioritariamente nas regi\u00f5es Centro-Oeste, Nordeste e Norte.<\/p>\n<p>As propostas dever\u00e3o ter valor m\u00ednimo de R$ 500 mil e m\u00e1ximo de R$1 milh\u00e3o e podem ser enviadas at\u00e9 1\u00ba de julho pelas incubadoras coordenadoras de cada rede.<\/span><\/p>\n<p class=\"MsoNormal\" style=\"margin-bottom: 12pt;\"><span style=\"font-size: 9pt; font-family: Arial; color: black;\">Fonte FINEP<\/span><\/p>\n","protected":false},"excerpt":{"rendered":"<p>Incubadoras de empresas de base tecnol\u00f3gica e de empreendimentos econ\u00f4micos solid\u00e1rios acabam de ganhar uma oportunidade de apoio de R$ 15,5 milh\u00f5es. Este \u00e9 o total oferecido por meio do edital rec\u00e9m-lan\u00e7ado pela FINEP, com recursos n\u00e3o-reembols\u00e1veis dos Fundos Setoriais. O objetivo \u00e9 formar redes para promover um aumento da taxa de sucesso ou sustentabilidade [&hellip;]<\/p>\n","protected":false},"author":3,"featured_media":0,"comment_status":"open","ping_status":"open","sticky":false,"template":"","format":"standard","meta":{"tdm_status":"","tdm_grid_status":"","footnotes":""},"categories":[22],"tags":[],"class_list":{"0":"post-2025","1":"post","2":"type-post","3":"status-publish","4":"format-standard","6":"category-brasil"},"_links":{"self":[{"href":"https:\/\/migracao.redenoticia.com.br\/noticia\/wp-json\/wp\/v2\/posts\/2025","targetHints":{"allow":["GET"]}}],"collection":[{"href":"https:\/\/migracao.redenoticia.com.br\/noticia\/wp-json\/wp\/v2\/posts"}],"about":[{"href":"https:\/\/migracao.redenoticia.com.br\/noticia\/wp-json\/wp\/v2\/types\/post"}],"author":[{"embeddable":true,"href":"https:\/\/migracao.redenoticia.com.br\/noticia\/wp-json\/wp\/v2\/users\/3"}],"replies":[{"embeddable":true,"href":"https:\/\/migracao.redenoticia.com.br\/noticia\/wp-json\/wp\/v2\/comments?post=2025"}],"version-history":[{"count":0,"href":"https:\/\/migracao.redenoticia.com.br\/noticia\/wp-json\/wp\/v2\/posts\/2025\/revisions"}],"wp:attachment":[{"href":"https:\/\/migracao.redenoticia.com.br\/noticia\/wp-json\/wp\/v2\/media?parent=2025"}],"wp:term":[{"taxonomy":"category","embeddable":true,"href":"https:\/\/migracao.redenoticia.com.br\/noticia\/wp-json\/wp\/v2\/categories?post=2025"},{"taxonomy":"post_tag","embeddable":true,"href":"https:\/\/migracao.redenoticia.com.br\/noticia\/wp-json\/wp\/v2\/tags?post=2025"}],"curies":[{"name":"wp","href":"https:\/\/api.w.org\/{rel}","templated":true}]}}