{"id":202571,"date":"2021-01-19T00:38:33","date_gmt":"2021-01-19T03:38:33","guid":{"rendered":"https:\/\/www.redenoticia.com.br\/noticia\/?p=202571"},"modified":"2021-01-19T00:38:33","modified_gmt":"2021-01-19T03:38:33","slug":"resumo-quando-me-apaixono-19-01-marina-coloca-jeronimo-contra-parede","status":"publish","type":"post","link":"https:\/\/migracao.redenoticia.com.br\/noticia\/2021\/resumo-quando-me-apaixono-19-01-marina-coloca-jeronimo-contra-parede\/202571","title":{"rendered":"Resumo \u201cQuando me Apaixono\u201d 19\/01: Marina coloca Jer\u00f4nimo contra parede"},"content":{"rendered":"<p> <img loading=\"lazy\" decoding=\"async\" class=\"aligncenter size-full wp-image-195889\" src=\"https:\/\/migracao.redenoticia.com.br\/noticia\/imagens\/quando-me-apaixono-elenco.jpg\" alt=\"\" width=\"1280\" height=\"720\" srcset=\"https:\/\/migracao.redenoticia.com.br\/noticia\/imagens\/quando-me-apaixono-elenco.jpg 1280w, https:\/\/migracao.redenoticia.com.br\/noticia\/imagens\/quando-me-apaixono-elenco-250x140.jpg 250w, https:\/\/migracao.redenoticia.com.br\/noticia\/imagens\/quando-me-apaixono-elenco-400x225.jpg 400w, https:\/\/migracao.redenoticia.com.br\/noticia\/imagens\/quando-me-apaixono-elenco-768x432.jpg 768w, https:\/\/migracao.redenoticia.com.br\/noticia\/imagens\/quando-me-apaixono-elenco-150x85.jpg 150w, https:\/\/migracao.redenoticia.com.br\/noticia\/imagens\/quando-me-apaixono-elenco-696x392.jpg 696w, https:\/\/migracao.redenoticia.com.br\/noticia\/imagens\/quando-me-apaixono-elenco-1068x601.jpg 1068w\" sizes=\"auto, (max-width: 1280px) 100vw, 1280px\" \/><\/p>\n<p><strong><em>Resumo da novela \u201cQuando me Apaixono\u201d<\/em><\/strong> em 19\/01: no cap\u00edtulo 132(*) da novela, Carlos vai para o laborat\u00f3rio e Priscila pergunta se as coisas est\u00e3o mais calmas com Matilde. Ele diz que n\u00e3o quer falar sobre isso. Matilde pensa que Manuela tem raz\u00e3o, ela tem que confiar em Carlos e em seu amor. De volta ao laborat\u00f3rio, Priscila coloca os bra\u00e7os em volta de Carlos. Matilde v\u00ea e sai louca. Augusto pede a An\u00edbal que v\u00e1 levar dinheiro a Alzira. Saul liga para Marina para contar sobre a visita de seu tio. Mas ele conta a ela uma hist\u00f3ria diferente sobre o tom em que eles conversaram: &#8220;N\u00e3o se preocupe, eu disse a ele que vamos embora juntos e que estou me comprometendo com voc\u00ea. Eu vou ajud\u00e1-la. N\u00e3o me incomodou, concordo que ele deveria se preocupar com voc\u00ea. Mas, de alguma forma, temos que convenc\u00ea-lo de que mudei e fiz isso por voc\u00ea.&#8221; Marina agradece.<\/p>\n<p>Jer\u00f4nimo tenta acalmar Renata. Roberta vai ao escrit\u00f3rio de Germano e faz carinhos. Bem a tempo, eles ouvem que a secret\u00e1ria est\u00e1 levando Gema, sua esposa, ao escrit\u00f3rio. Gema amea\u00e7a Roberta. Gema avisa a Germano que ela n\u00e3o quer novas surpresas. Berta vai para seu escrit\u00f3rio irritada. Jer\u00f4nimo visita Marina e diz que concorda com o tio dela. Marina pergunta se ele vai proibi-la de se mudar e viver com Saul. Ele diz: &#8220;N\u00e3o acho que meus filhos devam crescer ao lado de um homem assim. &#8230; Voc\u00ea tem o direito de levar sua vida, mas com um homem bom. &#8230; N\u00e3o quero controlar sua vida. &#8230; J\u00e1 hav\u00edamos conversado sobre isso, Marina.&#8221; Ela reage: &#8220;Sim, enquanto me recuperava, aceitei estar aqui. Mas estou bem agora. Mas sua esposa e a m\u00e3e de seus filhos n\u00e3o podem ficar juntas ou perto uma da outra. Ent\u00e3o \u00e9 ela ou n\u00f3s! Mas nunca mais juntos!&#8221;<\/p>\n<p>(*) edi\u00e7\u00e3o das novelas do SBT, \u201cQuando me Apaixono \u201d, sujeito a altera\u00e7\u00e3o de data e conte\u00fado.<\/p>\n<p>Sinopse \u201cQuando me Apaixono\u201d: A hist\u00f3ria come\u00e7a com o nascimento de duas meninas, Regina e Roberta; ambas s\u00e3o filhas de Roberto Gamba (Sebasti\u00e1n Rulli), mas de m\u00e3es diferentes. Enquanto Regina \u00e9 filha de Regina Sober\u00f3n Gamba (Lidia \u00c1vila\/Julieta Rosen), a esposa leg\u00edtima de Roberto, Roberta \u00e9 filha de Josefina &#8220;Pepa&#8221; \u00c1lvarez Mart\u00ednez (Margarita Maga\u00f1a\/Roc\u00edo Banquells), a amante de Roberto.<\/p>\n<p>Quando Roberto diz a Pepa que n\u00e3o vai deixar sua esposa e sua filha Regina, aquela, cheia de raiva depois de causar a morte de Roberto, decide raptar a filha de Regina para se vingar dela e faz\u00ea-la sofrer. Pepa muda o nome de Regina para Renata e foge com as duas meninas, deixando Regina despeda\u00e7ada pela perda de sua filha.<\/p>\n","protected":false},"excerpt":{"rendered":"<p>Resumo da novela \u201cQuando me Apaixono\u201d em 19\/01: no cap\u00edtulo 132(*) da novela, Carlos vai para o laborat\u00f3rio e Priscila pergunta se as coisas est\u00e3o mais calmas com Matilde. Ele diz que n\u00e3o quer falar sobre isso. Matilde pensa que Manuela tem raz\u00e3o, ela tem que confiar em Carlos e em seu amor. De volta [&hellip;]<\/p>\n","protected":false},"author":2,"featured_media":195893,"comment_status":"closed","ping_status":"closed","sticky":false,"template":"","format":"standard","meta":{"tdm_status":"","tdm_grid_status":"","footnotes":""},"categories":[379,2028,2025,372,343],"tags":[441],"class_list":{"0":"post-202571","1":"post","2":"type-post","3":"status-publish","4":"format-standard","5":"has-post-thumbnail","7":"category-novelas","8":"category-quando-me-apaixono","9":"category-resumo","10":"category-sbt","11":"category-televisao","12":"tag-resumo-do-dia"},"_links":{"self":[{"href":"https:\/\/migracao.redenoticia.com.br\/noticia\/wp-json\/wp\/v2\/posts\/202571","targetHints":{"allow":["GET"]}}],"collection":[{"href":"https:\/\/migracao.redenoticia.com.br\/noticia\/wp-json\/wp\/v2\/posts"}],"about":[{"href":"https:\/\/migracao.redenoticia.com.br\/noticia\/wp-json\/wp\/v2\/types\/post"}],"author":[{"embeddable":true,"href":"https:\/\/migracao.redenoticia.com.br\/noticia\/wp-json\/wp\/v2\/users\/2"}],"replies":[{"embeddable":true,"href":"https:\/\/migracao.redenoticia.com.br\/noticia\/wp-json\/wp\/v2\/comments?post=202571"}],"version-history":[{"count":0,"href":"https:\/\/migracao.redenoticia.com.br\/noticia\/wp-json\/wp\/v2\/posts\/202571\/revisions"}],"wp:featuredmedia":[{"embeddable":true,"href":"https:\/\/migracao.redenoticia.com.br\/noticia\/wp-json\/wp\/v2\/media\/195893"}],"wp:attachment":[{"href":"https:\/\/migracao.redenoticia.com.br\/noticia\/wp-json\/wp\/v2\/media?parent=202571"}],"wp:term":[{"taxonomy":"category","embeddable":true,"href":"https:\/\/migracao.redenoticia.com.br\/noticia\/wp-json\/wp\/v2\/categories?post=202571"},{"taxonomy":"post_tag","embeddable":true,"href":"https:\/\/migracao.redenoticia.com.br\/noticia\/wp-json\/wp\/v2\/tags?post=202571"}],"curies":[{"name":"wp","href":"https:\/\/api.w.org\/{rel}","templated":true}]}}