{"id":202583,"date":"2021-01-19T12:00:19","date_gmt":"2021-01-19T15:00:19","guid":{"rendered":"https:\/\/www.redenoticia.com.br\/noticia\/?p=202583"},"modified":"2021-01-19T12:00:19","modified_gmt":"2021-01-19T15:00:19","slug":"resumo-chiquititas-20-01-junior-desconfia-que-pai-mandou-matar-miguel","status":"publish","type":"post","link":"https:\/\/migracao.redenoticia.com.br\/noticia\/2021\/resumo-chiquititas-20-01-junior-desconfia-que-pai-mandou-matar-miguel\/202583","title":{"rendered":"Resumo \u201cChiquititas\u201d 20\/01: J\u00fanior desconfia que pai mandou matar Miguel"},"content":{"rendered":"<p><img loading=\"lazy\" decoding=\"async\" class=\"aligncenter size-full wp-image-195897\" src=\"https:\/\/migracao.redenoticia.com.br\/noticia\/imagens\/chiquititas-resumo-sinopse.jpg\" alt=\"\" width=\"1280\" height=\"720\" srcset=\"https:\/\/migracao.redenoticia.com.br\/noticia\/imagens\/chiquititas-resumo-sinopse.jpg 1280w, https:\/\/migracao.redenoticia.com.br\/noticia\/imagens\/chiquititas-resumo-sinopse-250x140.jpg 250w, https:\/\/migracao.redenoticia.com.br\/noticia\/imagens\/chiquititas-resumo-sinopse-400x225.jpg 400w, https:\/\/migracao.redenoticia.com.br\/noticia\/imagens\/chiquititas-resumo-sinopse-768x432.jpg 768w, https:\/\/migracao.redenoticia.com.br\/noticia\/imagens\/chiquititas-resumo-sinopse-150x85.jpg 150w, https:\/\/migracao.redenoticia.com.br\/noticia\/imagens\/chiquititas-resumo-sinopse-696x392.jpg 696w, https:\/\/migracao.redenoticia.com.br\/noticia\/imagens\/chiquititas-resumo-sinopse-1068x601.jpg 1068w\" sizes=\"auto, (max-width: 1280px) 100vw, 1280px\" \/><\/p>\n<p><strong><em>Resumo da novela \u201cChiquititas\u201d<\/em><\/strong> em 20\/01: no cap\u00edtulo 139(*) da novela, J\u00fanior diz para Maria Cec\u00edlia que acha que o pai, Jos\u00e9 Ricardo, mandou matar Miguel para lhe afastar de Gabriela. Maria Cec\u00edlia diz que n\u00e3o acredita que Jos\u00e9 Ricardo seja capaz disso e pede para o noivo n\u00e3o exagerar. Eduarda transforma o visual de Shirley Santana para o ch\u00e1 de panela do casamento de Maria Cec\u00edlia. Shirley deixa a roupa brega de lado e usa uma linda roupa branca. Os meninos fazem as vontades das chiquititas, como cozinhar com a supervis\u00e3o de Chico. Tudo faz parte da aposta que eles perderam junto com a partida de futebol. Tati e Ana discutem com Dani, que jogou as dobraduras de Maria no ch\u00e3o. Carol tenta fazer com que as pequenas se entendam.<\/p>\n<p> O ch\u00e1 de cozinha come\u00e7a e Shirley consegue conversar com as mulheres ricas da festa com os modos ensinados por Eduarda. Jos\u00e9 Ricardo diz para Cintia que quer que os arquivos das crian\u00e7as fiquem na mans\u00e3o dos Almeida Campos e n\u00e3o mais no orfanato. Ele desconfia que Miguel possa querer pegar os arquivos, mas n\u00e3o conta isso pra Cintia. Carol diz para Beto que ama J\u00fanior, mas n\u00e3o pode revelar isso, pois teme as retalia\u00e7\u00f5es de Jos\u00e9 Ricardo. Durante o ch\u00e1 de cozinha, a m\u00e3e de Eduarda, Regina (Glauce Graieb), aparece e lhe deixa surpresa.<\/p>\n<p>(*) edi\u00e7\u00e3o das novelas do SBT, \u201cChiquititas\u201d, sujeito a altera\u00e7\u00e3o de data e conte\u00fado.<\/p>\n","protected":false},"excerpt":{"rendered":"<p>Resumo da novela \u201cChiquititas\u201d em 20\/01: no cap\u00edtulo 139(*) da novela, J\u00fanior diz para Maria Cec\u00edlia que acha que o pai, Jos\u00e9 Ricardo, mandou matar Miguel para lhe afastar de Gabriela. Maria Cec\u00edlia diz que n\u00e3o acredita que Jos\u00e9 Ricardo seja capaz disso e pede para o noivo n\u00e3o exagerar. Eduarda transforma o visual de [&hellip;]<\/p>\n","protected":false},"author":4,"featured_media":195894,"comment_status":"closed","ping_status":"closed","sticky":false,"template":"","format":"standard","meta":{"tdm_status":"","tdm_grid_status":"","footnotes":""},"categories":[409,379,2025,372,343],"tags":[441],"class_list":{"0":"post-202583","1":"post","2":"type-post","3":"status-publish","4":"format-standard","5":"has-post-thumbnail","7":"category-chiquititas","8":"category-novelas","9":"category-resumo","10":"category-sbt","11":"category-televisao","12":"tag-resumo-do-dia"},"_links":{"self":[{"href":"https:\/\/migracao.redenoticia.com.br\/noticia\/wp-json\/wp\/v2\/posts\/202583","targetHints":{"allow":["GET"]}}],"collection":[{"href":"https:\/\/migracao.redenoticia.com.br\/noticia\/wp-json\/wp\/v2\/posts"}],"about":[{"href":"https:\/\/migracao.redenoticia.com.br\/noticia\/wp-json\/wp\/v2\/types\/post"}],"author":[{"embeddable":true,"href":"https:\/\/migracao.redenoticia.com.br\/noticia\/wp-json\/wp\/v2\/users\/4"}],"replies":[{"embeddable":true,"href":"https:\/\/migracao.redenoticia.com.br\/noticia\/wp-json\/wp\/v2\/comments?post=202583"}],"version-history":[{"count":0,"href":"https:\/\/migracao.redenoticia.com.br\/noticia\/wp-json\/wp\/v2\/posts\/202583\/revisions"}],"wp:featuredmedia":[{"embeddable":true,"href":"https:\/\/migracao.redenoticia.com.br\/noticia\/wp-json\/wp\/v2\/media\/195894"}],"wp:attachment":[{"href":"https:\/\/migracao.redenoticia.com.br\/noticia\/wp-json\/wp\/v2\/media?parent=202583"}],"wp:term":[{"taxonomy":"category","embeddable":true,"href":"https:\/\/migracao.redenoticia.com.br\/noticia\/wp-json\/wp\/v2\/categories?post=202583"},{"taxonomy":"post_tag","embeddable":true,"href":"https:\/\/migracao.redenoticia.com.br\/noticia\/wp-json\/wp\/v2\/tags?post=202583"}],"curies":[{"name":"wp","href":"https:\/\/api.w.org\/{rel}","templated":true}]}}