{"id":202659,"date":"2021-01-21T11:17:22","date_gmt":"2021-01-21T14:17:22","guid":{"rendered":"https:\/\/www.redenoticia.com.br\/noticia\/?p=202659"},"modified":"2021-01-21T11:17:22","modified_gmt":"2021-01-21T14:17:22","slug":"resumo-chiquititas-22-01-jose-ricardo-e-carmen-desconfiam-de-valentina","status":"publish","type":"post","link":"https:\/\/migracao.redenoticia.com.br\/noticia\/2021\/resumo-chiquititas-22-01-jose-ricardo-e-carmen-desconfiam-de-valentina\/202659","title":{"rendered":"Resumo \u201cChiquititas\u201d 22\/01: Jos\u00e9 Ricardo e Carmen desconfiam de Valentina"},"content":{"rendered":"<p><img loading=\"lazy\" decoding=\"async\" class=\"aligncenter size-full wp-image-195897\" src=\"https:\/\/migracao.redenoticia.com.br\/noticia\/imagens\/chiquititas-resumo-sinopse.jpg\" alt=\"\" width=\"1280\" height=\"720\" srcset=\"https:\/\/migracao.redenoticia.com.br\/noticia\/imagens\/chiquititas-resumo-sinopse.jpg 1280w, https:\/\/migracao.redenoticia.com.br\/noticia\/imagens\/chiquititas-resumo-sinopse-250x140.jpg 250w, https:\/\/migracao.redenoticia.com.br\/noticia\/imagens\/chiquititas-resumo-sinopse-400x225.jpg 400w, https:\/\/migracao.redenoticia.com.br\/noticia\/imagens\/chiquititas-resumo-sinopse-768x432.jpg 768w, https:\/\/migracao.redenoticia.com.br\/noticia\/imagens\/chiquititas-resumo-sinopse-150x85.jpg 150w, https:\/\/migracao.redenoticia.com.br\/noticia\/imagens\/chiquititas-resumo-sinopse-696x392.jpg 696w, https:\/\/migracao.redenoticia.com.br\/noticia\/imagens\/chiquititas-resumo-sinopse-1068x601.jpg 1068w\" sizes=\"auto, (max-width: 1280px) 100vw, 1280px\" \/><\/p>\n<p><strong><em>Resumo da novela \u201cChiquititas\u201d<\/em><\/strong> em 22\/01: no cap\u00edtulo 141(*) da novela, Tom\u00e1s Ferraz, que na verdade \u00e9 Tobias, n\u00e3o gosta de ver que Beto tamb\u00e9m ser\u00e1 seu dan\u00e7arino. Carol chega ao quarto das meninas no momento em que Ernestina, que na verdade \u00e9 Matilde, est\u00e1 maltratando Dani. Matilde p\u00e1ra, por\u00e9m afronta Carol antes de deix\u00e1-las sozinhas. Jos\u00e9 Ricardo e Carmen passam a desconfiar das sa\u00eddas de Valentina e acham que se realmente Miguel estiver vivo ela est\u00e1 se encontrando com ele. No outro dia, Carmen segue Valentina pela rua. Regina continua com os coment\u00e1rios \u00e1cidos e diz que Eduarda precisa de cirurgias pl\u00e1sticas. Valentina percebe que est\u00e1 sendo seguida por Carmen e decide disfar\u00e7ar. Valentina entrega a comida para moradores de rua e Carmen passa a achar que ela disse a verdade.<\/p>\n<p>Os meninos tentam novamente fazer a aproxima\u00e7\u00e3o do jogador de futebol Alexander e Thiago, que diz ser filho dele. Uma rep\u00f3rter de celebridades aparece no local e decide filmar o encontro dos dois, que chamou de \u201cgrande bomba\u201d. Alexander diz que n\u00e3o possui filho algum. Duda v\u00ea que sua m\u00e3e (que est\u00e1 em outro pa\u00eds) postou uma foto com seu novo namorado e o filho dele. O menino acha que a m\u00e3e n\u00e3o fala direito com ele, pois est\u00e1 feliz com outra fam\u00edlia. Duda diz que acha que foi adotado. Jos\u00e9 Ricardo explica que n\u00e3o faz sentido isso. Thiago passa a achar que talvez seja filho de outro jogador famoso.<\/p>\n<p>(*) edi\u00e7\u00e3o das novelas do SBT, \u201cChiquititas\u201d, sujeito a altera\u00e7\u00e3o de data e conte\u00fado.<\/p>\n","protected":false},"excerpt":{"rendered":"<p>Resumo da novela \u201cChiquititas\u201d em 22\/01: no cap\u00edtulo 141(*) da novela, Tom\u00e1s Ferraz, que na verdade \u00e9 Tobias, n\u00e3o gosta de ver que Beto tamb\u00e9m ser\u00e1 seu dan\u00e7arino. Carol chega ao quarto das meninas no momento em que Ernestina, que na verdade \u00e9 Matilde, est\u00e1 maltratando Dani. Matilde p\u00e1ra, por\u00e9m afronta Carol antes de deix\u00e1-las [&hellip;]<\/p>\n","protected":false},"author":4,"featured_media":195894,"comment_status":"closed","ping_status":"closed","sticky":false,"template":"","format":"standard","meta":{"tdm_status":"","tdm_grid_status":"","footnotes":""},"categories":[409,379,2025,372,343],"tags":[441],"class_list":{"0":"post-202659","1":"post","2":"type-post","3":"status-publish","4":"format-standard","5":"has-post-thumbnail","7":"category-chiquititas","8":"category-novelas","9":"category-resumo","10":"category-sbt","11":"category-televisao","12":"tag-resumo-do-dia"},"_links":{"self":[{"href":"https:\/\/migracao.redenoticia.com.br\/noticia\/wp-json\/wp\/v2\/posts\/202659","targetHints":{"allow":["GET"]}}],"collection":[{"href":"https:\/\/migracao.redenoticia.com.br\/noticia\/wp-json\/wp\/v2\/posts"}],"about":[{"href":"https:\/\/migracao.redenoticia.com.br\/noticia\/wp-json\/wp\/v2\/types\/post"}],"author":[{"embeddable":true,"href":"https:\/\/migracao.redenoticia.com.br\/noticia\/wp-json\/wp\/v2\/users\/4"}],"replies":[{"embeddable":true,"href":"https:\/\/migracao.redenoticia.com.br\/noticia\/wp-json\/wp\/v2\/comments?post=202659"}],"version-history":[{"count":0,"href":"https:\/\/migracao.redenoticia.com.br\/noticia\/wp-json\/wp\/v2\/posts\/202659\/revisions"}],"wp:featuredmedia":[{"embeddable":true,"href":"https:\/\/migracao.redenoticia.com.br\/noticia\/wp-json\/wp\/v2\/media\/195894"}],"wp:attachment":[{"href":"https:\/\/migracao.redenoticia.com.br\/noticia\/wp-json\/wp\/v2\/media?parent=202659"}],"wp:term":[{"taxonomy":"category","embeddable":true,"href":"https:\/\/migracao.redenoticia.com.br\/noticia\/wp-json\/wp\/v2\/categories?post=202659"},{"taxonomy":"post_tag","embeddable":true,"href":"https:\/\/migracao.redenoticia.com.br\/noticia\/wp-json\/wp\/v2\/tags?post=202659"}],"curies":[{"name":"wp","href":"https:\/\/api.w.org\/{rel}","templated":true}]}}