{"id":202738,"date":"2021-01-24T21:45:44","date_gmt":"2021-01-25T00:45:44","guid":{"rendered":"https:\/\/www.redenoticia.com.br\/noticia\/?p=202738"},"modified":"2021-01-24T21:45:44","modified_gmt":"2021-01-25T00:45:44","slug":"resumo-chiquititas-25-01-pata-descobre-que-mili-vai-fugir-com-duda","status":"publish","type":"post","link":"https:\/\/migracao.redenoticia.com.br\/noticia\/2021\/resumo-chiquititas-25-01-pata-descobre-que-mili-vai-fugir-com-duda\/202738","title":{"rendered":"Resumo \u201cChiquititas\u201d 25\/01: Pata descobre que Mili vai fugir com Duda"},"content":{"rendered":"<p> <img loading=\"lazy\" decoding=\"async\" class=\"aligncenter size-full wp-image-195897\" src=\"https:\/\/migracao.redenoticia.com.br\/noticia\/imagens\/chiquititas-resumo-sinopse.jpg\" alt=\"\" width=\"1280\" height=\"720\" srcset=\"https:\/\/migracao.redenoticia.com.br\/noticia\/imagens\/chiquititas-resumo-sinopse.jpg 1280w, https:\/\/migracao.redenoticia.com.br\/noticia\/imagens\/chiquititas-resumo-sinopse-250x140.jpg 250w, https:\/\/migracao.redenoticia.com.br\/noticia\/imagens\/chiquititas-resumo-sinopse-400x225.jpg 400w, https:\/\/migracao.redenoticia.com.br\/noticia\/imagens\/chiquititas-resumo-sinopse-768x432.jpg 768w, https:\/\/migracao.redenoticia.com.br\/noticia\/imagens\/chiquititas-resumo-sinopse-150x85.jpg 150w, https:\/\/migracao.redenoticia.com.br\/noticia\/imagens\/chiquititas-resumo-sinopse-696x392.jpg 696w, https:\/\/migracao.redenoticia.com.br\/noticia\/imagens\/chiquititas-resumo-sinopse-1068x601.jpg 1068w\" sizes=\"auto, (max-width: 1280px) 100vw, 1280px\" \/><\/p>\n<p><strong><em>Resumo da novela \u201cChiquititas\u201d<\/em><\/strong> em 25\/01: no cap\u00edtulo 143(*) da novela, Carmen maltrata Duda e Valentina interfere. Carmen tenta demitir Valentina, mas \u00e9 impedida por J\u00fanior. Mosca acha que Mili est\u00e1 triste por algo que Duda tenha feito para ela. Pata diz que Mili n\u00e3o faz as coisas que Cintia est\u00e1 dizendo, pois pode ser tudo mentira. Duda vai ao orfanato e Mosca tenta brigar com ele. As meninas impedem a confus\u00e3o e Mili diz que ele n\u00e3o fez nada. Duda e Mili conversam no p\u00e1tio do orfanato. O garoto diz que com exce\u00e7\u00e3o de Mili, ningu\u00e9m liga para ele. Duda tamb\u00e9m desabafa que sua m\u00e3e comprou uma passagem para ele ir para a Europa conhecer o namorado dela na B\u00e9lgica.<\/p>\n<p>O garoto confessa que quer fugir e Mili diz que ir\u00e1 com o menino nesta mesma noite. Os dois combinam tudo. Mosca interrompe a conversa e pede desculpa para Duda. No meio da noite, Oscar (Beto Nasci), pai de Maria Cec\u00edlia, aparece no apartamento de Eduarda de surpresa. Maria Cec\u00edlia avisa que Oscar ficar\u00e1 l\u00e1 at\u00e9 o dia de seu casamento, pois ela o convidou. Mili est\u00e1 pronta para fugir no meio da noite. Pata flagra a amiga e fica preocupada. Mili explica que ir\u00e1 fugir com Duda. Pata diz que os dois n\u00e3o sabem se virar na rua. As duas choram muito, prometem manter contato e sempre se ajudarem.<\/p>\n<p>(*) edi\u00e7\u00e3o das novelas do SBT, \u201cChiquititas\u201d, sujeito a altera\u00e7\u00e3o de data e conte\u00fado.<\/p>\n","protected":false},"excerpt":{"rendered":"<p>Resumo da novela \u201cChiquititas\u201d em 25\/01: no cap\u00edtulo 143(*) da novela, Carmen maltrata Duda e Valentina interfere. Carmen tenta demitir Valentina, mas \u00e9 impedida por J\u00fanior. Mosca acha que Mili est\u00e1 triste por algo que Duda tenha feito para ela. Pata diz que Mili n\u00e3o faz as coisas que Cintia est\u00e1 dizendo, pois pode ser [&hellip;]<\/p>\n","protected":false},"author":2,"featured_media":195894,"comment_status":"closed","ping_status":"closed","sticky":false,"template":"","format":"standard","meta":{"tdm_status":"","tdm_grid_status":"","footnotes":""},"categories":[409,379,2025,372,343],"tags":[441],"class_list":{"0":"post-202738","1":"post","2":"type-post","3":"status-publish","4":"format-standard","5":"has-post-thumbnail","7":"category-chiquititas","8":"category-novelas","9":"category-resumo","10":"category-sbt","11":"category-televisao","12":"tag-resumo-do-dia"},"_links":{"self":[{"href":"https:\/\/migracao.redenoticia.com.br\/noticia\/wp-json\/wp\/v2\/posts\/202738","targetHints":{"allow":["GET"]}}],"collection":[{"href":"https:\/\/migracao.redenoticia.com.br\/noticia\/wp-json\/wp\/v2\/posts"}],"about":[{"href":"https:\/\/migracao.redenoticia.com.br\/noticia\/wp-json\/wp\/v2\/types\/post"}],"author":[{"embeddable":true,"href":"https:\/\/migracao.redenoticia.com.br\/noticia\/wp-json\/wp\/v2\/users\/2"}],"replies":[{"embeddable":true,"href":"https:\/\/migracao.redenoticia.com.br\/noticia\/wp-json\/wp\/v2\/comments?post=202738"}],"version-history":[{"count":0,"href":"https:\/\/migracao.redenoticia.com.br\/noticia\/wp-json\/wp\/v2\/posts\/202738\/revisions"}],"wp:featuredmedia":[{"embeddable":true,"href":"https:\/\/migracao.redenoticia.com.br\/noticia\/wp-json\/wp\/v2\/media\/195894"}],"wp:attachment":[{"href":"https:\/\/migracao.redenoticia.com.br\/noticia\/wp-json\/wp\/v2\/media?parent=202738"}],"wp:term":[{"taxonomy":"category","embeddable":true,"href":"https:\/\/migracao.redenoticia.com.br\/noticia\/wp-json\/wp\/v2\/categories?post=202738"},{"taxonomy":"post_tag","embeddable":true,"href":"https:\/\/migracao.redenoticia.com.br\/noticia\/wp-json\/wp\/v2\/tags?post=202738"}],"curies":[{"name":"wp","href":"https:\/\/api.w.org\/{rel}","templated":true}]}}