{"id":202799,"date":"2021-01-26T11:48:55","date_gmt":"2021-01-26T14:48:55","guid":{"rendered":"https:\/\/www.redenoticia.com.br\/noticia\/?p=202799"},"modified":"2021-01-26T11:48:55","modified_gmt":"2021-01-26T14:48:55","slug":"resumo-chiquititas-27-01-cintia-e-desmascarada","status":"publish","type":"post","link":"https:\/\/migracao.redenoticia.com.br\/noticia\/2021\/resumo-chiquititas-27-01-cintia-e-desmascarada\/202799","title":{"rendered":"Resumo \u201cChiquititas\u201d 27\/01: C\u00edntia \u00e9 desmascarada"},"content":{"rendered":"<p><img loading=\"lazy\" decoding=\"async\" class=\"aligncenter size-full wp-image-195897\" src=\"https:\/\/migracao.redenoticia.com.br\/noticia\/imagens\/chiquititas-resumo-sinopse.jpg\" alt=\"\" width=\"1280\" height=\"720\" srcset=\"https:\/\/migracao.redenoticia.com.br\/noticia\/imagens\/chiquititas-resumo-sinopse.jpg 1280w, https:\/\/migracao.redenoticia.com.br\/noticia\/imagens\/chiquititas-resumo-sinopse-250x140.jpg 250w, https:\/\/migracao.redenoticia.com.br\/noticia\/imagens\/chiquititas-resumo-sinopse-400x225.jpg 400w, https:\/\/migracao.redenoticia.com.br\/noticia\/imagens\/chiquititas-resumo-sinopse-768x432.jpg 768w, https:\/\/migracao.redenoticia.com.br\/noticia\/imagens\/chiquititas-resumo-sinopse-150x85.jpg 150w, https:\/\/migracao.redenoticia.com.br\/noticia\/imagens\/chiquititas-resumo-sinopse-696x392.jpg 696w, https:\/\/migracao.redenoticia.com.br\/noticia\/imagens\/chiquititas-resumo-sinopse-1068x601.jpg 1068w\" sizes=\"auto, (max-width: 1280px) 100vw, 1280px\" \/><\/p>\n<p><strong><em>Resumo da novela \u201cChiquititas\u201d<\/em><\/strong> em 27\/01: no cap\u00edtulo 145(*) da novela, Shirley conversa com Oscar sobre sua comunidade. Ela diz que na zona norte possui \u00f3timas festas de samba e que ele est\u00e1 convidado. Eduarda, tamb\u00e9m convidada, diz que n\u00e3o ir\u00e1 de maneira alguma. Shirley convence Eduarda a ir. Carol diz para Chico que acha que Pata sabe o motivo que levou Mili a fugir, mas que ela talvez n\u00e3o diga por medo de algo. Pata sofre sozinha pelo orfanato com toda a press\u00e3o e amea\u00e7as feitas por Cintia. Maria entrega um desenho pra Pata em que demonstra saber pelo que ela est\u00e1 passando em rela\u00e7\u00e3o \u00e0s maldades de Cintia. Eduarda e seu ex-marido chegam ao samba com Shirley Santana. Eduarda estranha o volume do som e o fato de ningu\u00e9m estar arrumada como ela. Inoc\u00eancio (Luiz Carlos Bahia) leva Mili e Duda para um pequeno hotel e enquanto toma banho tranca os dois na sala para que n\u00e3o fujam.<\/p>\n<p>Mili e Duda ficam assustados e pensam numa maneira de conseguir sair do lugar. Mais tarde, Inoc\u00eancio est\u00e1 dormindo e Mili tenta pegar a chave no bolso dele, por\u00e9m o homem acorda e segura o bra\u00e7o dela. Oscar e Eduarda conversam. Eduarda se sente mais \u00e0 vontade e cai no samba. Inoc\u00eancio diz que Duda e Mili n\u00e3o s\u00e3o agradecidos, pois ele salvou os dois dos criminosos. O homem diz que eles n\u00e3o podem fugir, pois v\u00e3o come\u00e7ar uma nova vida onde os dois v\u00e3o ajudar ele nos shows. Inoc\u00eancio diz ainda que no dia seguinte eles seguir\u00e3o para o Esp\u00edrito Santo e depois para a Bahia. Amanhece, Inoc\u00eancio vai at\u00e9 o bar onde fez seu \u00faltimo show para pegar o pagamento antes da viagem. Duda e Mili ficam no carro. Mili avista um carro de pol\u00edcia e os dois pedem ajuda. Os policiais pedem explica\u00e7\u00f5es para Inoc\u00eancio. Jos\u00e9 Ricardo vai logo cedo ao orfanato falar com todos. O empres\u00e1rio diz que acha imposs\u00edvel Mili e Duda terem tomado uma atitude dessas sem comunicar ningu\u00e9m.<\/p>\n<p>Pata surge na escada e diz que Cintia sabe muito bem o motivo. Cintia diz que n\u00e3o sabe de nada. Pata revela para todos que Cintia disse que Mili era muito velha para ficar no Raio de Luz e que se contasse algo para algu\u00e9m, todos seriam prejudicados. Cintia tenta falar que n\u00e3o foi nada disso. Pata garante que Cintia tamb\u00e9m lhe amea\u00e7ou e disse que se ela contasse algo, Mosca iria para o reformat\u00f3rio. Cintia insiste que Pata est\u00e1 inventando. Jos\u00e9 Ricardo manda Cintia ir para a sala da diretoria para conversarem a s\u00f3s. Carmen, que est\u00e1 no local, sorri com satisfa\u00e7\u00e3o ao Cintia ser desmascarada. A pol\u00edcia liga para o orfanato e avisa que est\u00e3o levando Mili e Duda para a mans\u00e3o dos Almeida Campos. Cintia tenta convencer de todas as maneiras Jos\u00e9 Ricardo, mas o empres\u00e1rio diz que precisa pensar melhor. Carmen e Jos\u00e9 Ricardo v\u00e3o para a mans\u00e3o.<\/p>\n<p>(*) edi\u00e7\u00e3o das novelas do SBT, \u201cChiquititas\u201d, sujeito a altera\u00e7\u00e3o de data e conte\u00fado.<\/p>\n","protected":false},"excerpt":{"rendered":"<p>Resumo da novela \u201cChiquititas\u201d em 27\/01: no cap\u00edtulo 145(*) da novela, Shirley conversa com Oscar sobre sua comunidade. Ela diz que na zona norte possui \u00f3timas festas de samba e que ele est\u00e1 convidado. Eduarda, tamb\u00e9m convidada, diz que n\u00e3o ir\u00e1 de maneira alguma. Shirley convence Eduarda a ir. Carol diz para Chico que acha [&hellip;]<\/p>\n","protected":false},"author":4,"featured_media":195894,"comment_status":"closed","ping_status":"closed","sticky":false,"template":"","format":"standard","meta":{"tdm_status":"","tdm_grid_status":"","footnotes":""},"categories":[409,379,372,343],"tags":[441],"class_list":{"0":"post-202799","1":"post","2":"type-post","3":"status-publish","4":"format-standard","5":"has-post-thumbnail","7":"category-chiquititas","8":"category-novelas","9":"category-sbt","10":"category-televisao","11":"tag-resumo-do-dia"},"_links":{"self":[{"href":"https:\/\/migracao.redenoticia.com.br\/noticia\/wp-json\/wp\/v2\/posts\/202799","targetHints":{"allow":["GET"]}}],"collection":[{"href":"https:\/\/migracao.redenoticia.com.br\/noticia\/wp-json\/wp\/v2\/posts"}],"about":[{"href":"https:\/\/migracao.redenoticia.com.br\/noticia\/wp-json\/wp\/v2\/types\/post"}],"author":[{"embeddable":true,"href":"https:\/\/migracao.redenoticia.com.br\/noticia\/wp-json\/wp\/v2\/users\/4"}],"replies":[{"embeddable":true,"href":"https:\/\/migracao.redenoticia.com.br\/noticia\/wp-json\/wp\/v2\/comments?post=202799"}],"version-history":[{"count":0,"href":"https:\/\/migracao.redenoticia.com.br\/noticia\/wp-json\/wp\/v2\/posts\/202799\/revisions"}],"wp:featuredmedia":[{"embeddable":true,"href":"https:\/\/migracao.redenoticia.com.br\/noticia\/wp-json\/wp\/v2\/media\/195894"}],"wp:attachment":[{"href":"https:\/\/migracao.redenoticia.com.br\/noticia\/wp-json\/wp\/v2\/media?parent=202799"}],"wp:term":[{"taxonomy":"category","embeddable":true,"href":"https:\/\/migracao.redenoticia.com.br\/noticia\/wp-json\/wp\/v2\/categories?post=202799"},{"taxonomy":"post_tag","embeddable":true,"href":"https:\/\/migracao.redenoticia.com.br\/noticia\/wp-json\/wp\/v2\/tags?post=202799"}],"curies":[{"name":"wp","href":"https:\/\/api.w.org\/{rel}","templated":true}]}}