{"id":202893,"date":"2021-01-29T00:32:41","date_gmt":"2021-01-29T03:32:41","guid":{"rendered":"https:\/\/www.redenoticia.com.br\/noticia\/?p=202893"},"modified":"2021-01-29T00:32:41","modified_gmt":"2021-01-29T03:32:41","slug":"novela-malhacao-sonhos-29-01-pedro-convida-sol-para-cantar-em-sua-banda","status":"publish","type":"post","link":"https:\/\/migracao.redenoticia.com.br\/noticia\/2021\/novela-malhacao-sonhos-29-01-pedro-convida-sol-para-cantar-em-sua-banda\/202893","title":{"rendered":"Novela &#8220;Malha\u00e7\u00e3o&#8221; Sonhos 29\/01: Pedro convida Sol para cantar em sua banda"},"content":{"rendered":"<p><img loading=\"lazy\" decoding=\"async\" class=\"aligncenter size-full wp-image-202688\" src=\"https:\/\/migracao.redenoticia.com.br\/noticia\/imagens\/malhacao-sonhos-elenco-protagonistas.jpg\" alt=\"\" width=\"1280\" height=\"720\" srcset=\"https:\/\/migracao.redenoticia.com.br\/noticia\/imagens\/malhacao-sonhos-elenco-protagonistas.jpg 1280w, https:\/\/migracao.redenoticia.com.br\/noticia\/imagens\/malhacao-sonhos-elenco-protagonistas-250x140.jpg 250w, https:\/\/migracao.redenoticia.com.br\/noticia\/imagens\/malhacao-sonhos-elenco-protagonistas-400x225.jpg 400w, https:\/\/migracao.redenoticia.com.br\/noticia\/imagens\/malhacao-sonhos-elenco-protagonistas-768x432.jpg 768w, https:\/\/migracao.redenoticia.com.br\/noticia\/imagens\/malhacao-sonhos-elenco-protagonistas-150x85.jpg 150w\" sizes=\"auto, (max-width: 1280px) 100vw, 1280px\" \/><\/p>\n<p><em><strong>Resumo da novela &#8220;Malha\u00e7\u00e3o&#8221; Sonhos<\/strong><\/em> em 29\/01: no cap\u00edtulo 005(*) da novela, Karina n\u00e3o consegue avisar o ocorrido para Bianca. Di Ferrero apresenta Nando Rocha no palco. Sol invade o palco, se apresenta e ganha aplausos. Pedro assiste ao v\u00eddeo de Sol no celular de Jo\u00e3o e convida a menina para cantar em sua banda. Bianca incentiva Karina a se abrir para gostar de algu\u00e9m, sem saber que as duas suspiram por Duca. Bianca se prepara para encontrar Duca na madrugada, mas \u00e9 surpreendida por Gael.<\/p>\n<p>(*) edi\u00e7\u00e3o das novelas da Globo, \u201cMalha\u00e7\u00e3o\u201d Sonhos, sujeito a altera\u00e7\u00e3o de data e conte\u00fado.<\/p>\n<p>Sinopse Novela &#8220;Malha\u00e7\u00e3o&#8221; Sonhos: Formar campe\u00f5es e repassar os princ\u00edpios das artes marciais para os alunos s\u00e3o alguns dos sonhos de Gael (Eriberto Le\u00e3o). Duca (Arthur Aguiar) \u00e9 seu melhor atleta. Ele est\u00e1 sempre acompanhado dos amigos Z\u00e9 (Bruno Fraga) e Marc\u00e3o (Jean Amorim). Karina (Isabella Santoni), filha de Gael, n\u00e3o aceita que o pai s\u00f3 tenha olhos para Duca e treina para ser uma grande lutadora. A ca\u00e7ula do mestre \u00e9 apaixonada pelo disc\u00edpulo do pai e n\u00e3o sabe que ele e sua irm\u00e3, Bianca (Bruna Ham\u00fa), est\u00e3o prestes a assumir o namoro.<\/p>\n","protected":false},"excerpt":{"rendered":"<p>Resumo da novela &#8220;Malha\u00e7\u00e3o&#8221; Sonhos em 29\/01: no cap\u00edtulo 005(*) da novela, Karina n\u00e3o consegue avisar o ocorrido para Bianca. Di Ferrero apresenta Nando Rocha no palco. Sol invade o palco, se apresenta e ganha aplausos. Pedro assiste ao v\u00eddeo de Sol no celular de Jo\u00e3o e convida a menina para cantar em sua banda. [&hellip;]<\/p>\n","protected":false},"author":4,"featured_media":202687,"comment_status":"closed","ping_status":"closed","sticky":false,"template":"","format":"standard","meta":{"tdm_status":"","tdm_grid_status":"","footnotes":""},"categories":[447,379,375,2025,343],"tags":[441],"class_list":{"0":"post-202893","1":"post","2":"type-post","3":"status-publish","4":"format-standard","5":"has-post-thumbnail","7":"category-malhacao","8":"category-novelas","9":"category-rede-globo","10":"category-resumo","11":"category-televisao","12":"tag-resumo-do-dia"},"_links":{"self":[{"href":"https:\/\/migracao.redenoticia.com.br\/noticia\/wp-json\/wp\/v2\/posts\/202893","targetHints":{"allow":["GET"]}}],"collection":[{"href":"https:\/\/migracao.redenoticia.com.br\/noticia\/wp-json\/wp\/v2\/posts"}],"about":[{"href":"https:\/\/migracao.redenoticia.com.br\/noticia\/wp-json\/wp\/v2\/types\/post"}],"author":[{"embeddable":true,"href":"https:\/\/migracao.redenoticia.com.br\/noticia\/wp-json\/wp\/v2\/users\/4"}],"replies":[{"embeddable":true,"href":"https:\/\/migracao.redenoticia.com.br\/noticia\/wp-json\/wp\/v2\/comments?post=202893"}],"version-history":[{"count":0,"href":"https:\/\/migracao.redenoticia.com.br\/noticia\/wp-json\/wp\/v2\/posts\/202893\/revisions"}],"wp:featuredmedia":[{"embeddable":true,"href":"https:\/\/migracao.redenoticia.com.br\/noticia\/wp-json\/wp\/v2\/media\/202687"}],"wp:attachment":[{"href":"https:\/\/migracao.redenoticia.com.br\/noticia\/wp-json\/wp\/v2\/media?parent=202893"}],"wp:term":[{"taxonomy":"category","embeddable":true,"href":"https:\/\/migracao.redenoticia.com.br\/noticia\/wp-json\/wp\/v2\/categories?post=202893"},{"taxonomy":"post_tag","embeddable":true,"href":"https:\/\/migracao.redenoticia.com.br\/noticia\/wp-json\/wp\/v2\/tags?post=202893"}],"curies":[{"name":"wp","href":"https:\/\/api.w.org\/{rel}","templated":true}]}}