{"id":202971,"date":"2021-02-01T10:49:20","date_gmt":"2021-02-01T13:49:20","guid":{"rendered":"https:\/\/www.redenoticia.com.br\/noticia\/?p=202971"},"modified":"2021-02-01T10:49:20","modified_gmt":"2021-02-01T13:49:20","slug":"resumo-chiquititas-01-02-valentina-descobre-que-mili-e-sua-neta","status":"publish","type":"post","link":"https:\/\/migracao.redenoticia.com.br\/noticia\/2021\/resumo-chiquititas-01-02-valentina-descobre-que-mili-e-sua-neta\/202971","title":{"rendered":"Resumo \u201cChiquititas\u201d 01\/02: Valentina descobre que Mili \u00e9 sua neta"},"content":{"rendered":"<p><img loading=\"lazy\" decoding=\"async\" class=\"aligncenter size-full wp-image-195897\" src=\"https:\/\/migracao.redenoticia.com.br\/noticia\/imagens\/chiquititas-resumo-sinopse.jpg\" alt=\"\" width=\"1280\" height=\"720\" srcset=\"https:\/\/migracao.redenoticia.com.br\/noticia\/imagens\/chiquititas-resumo-sinopse.jpg 1280w, https:\/\/migracao.redenoticia.com.br\/noticia\/imagens\/chiquititas-resumo-sinopse-250x140.jpg 250w, https:\/\/migracao.redenoticia.com.br\/noticia\/imagens\/chiquititas-resumo-sinopse-400x225.jpg 400w, https:\/\/migracao.redenoticia.com.br\/noticia\/imagens\/chiquititas-resumo-sinopse-768x432.jpg 768w, https:\/\/migracao.redenoticia.com.br\/noticia\/imagens\/chiquititas-resumo-sinopse-150x85.jpg 150w, https:\/\/migracao.redenoticia.com.br\/noticia\/imagens\/chiquititas-resumo-sinopse-696x392.jpg 696w, https:\/\/migracao.redenoticia.com.br\/noticia\/imagens\/chiquititas-resumo-sinopse-1068x601.jpg 1068w\" sizes=\"auto, (max-width: 1280px) 100vw, 1280px\" \/><\/p>\n<p><strong><em>Resumo da novela \u201cChiquititas\u201d<\/em><\/strong> em 01\/02: no cap\u00edtulo 149(*) da novela, Mili diz que Sofia lhe presenteou com a corrente antes de morrer e tem certeza que o objeto \u00e9 uma liga\u00e7\u00e3o entre ela e seus pais. Jos\u00e9 Ricardo entra e v\u00ea a corrente na m\u00e3o de Valentina. Mili diz que foi at\u00e9 a mans\u00e3o por estar preocupada com o desaparecimento de Gabriela. Mili tamb\u00e9m aproveita para contar sobre o sonho que teve com Jos\u00e9 Ricardo. A menina enfatiza que parece mais uma lembran\u00e7a e gostaria de saber se isso realmente aconteceu. Jos\u00e9 Ricardo diz que isso n\u00e3o aconteceu. Mili responde que acha estranho, pois possui uma cicatriz no mesmo joelho em que caiu no sonho. <\/p>\n<p>Sozinha no quarto, Valentina vibra ao descobrir que Mili \u00e9 sua neta. Eduarda se desespera ao perceber que Maria Cec\u00edlia est\u00e1 pensando em desistir do casamento com Junior para ficar com Tobias. Maria Cec\u00edlia diz que n\u00e3o far\u00e1 isso. As crian\u00e7as cuidam do bebe. Fernando e Carol insistem mais uma vez para que Dani realize o tratamento para ela voltar a andar. Tobias faz uma coletiva de imprensa para dar uma satisfa\u00e7\u00e3o para todos os f\u00e3s sobre a farsa do personagem Tom\u00e1s Ferraz.<\/p>\n<p>Tobias reafirma que criou Tom\u00e1s para poder ser aceito pela fam\u00edlia de sua ent\u00e3o namorada. Valentina faz v\u00e1rias perguntas para Jos\u00e9 Ricardo: &#8220;Voc\u00ea se lembra do colar com pingente de rosa que o meu filho (Miguel) deu de presente para a Gabriela? Aquele que se perdeu quando a Gabriela foi gr\u00e1vida para aquela fazenda?&#8221;. Jos\u00e9 Ricardo diz que n\u00e3o se lembra. Valentina diz que encontrou o objeto e que ele est\u00e1 com Mili. A mulher revela que aquela joia \u00e9 \u00fanica e que Sofia deu o colar para Mili. <\/p>\n<p>Valentina garante que para ela ter esse pingente s\u00f3 pode haver uma explica\u00e7\u00e3o e pede para ele parar de mentir. Os dois discutem. Valentina pergunta se Mili \u00e9 filha de Miguel e Gabriela. Jos\u00e9 Ricardo acaba assumindo e grita que Mili \u00e9 sim a filha de Gabriela. Valentina diz que contar\u00e1 isso para todos e que levar\u00e1 ele para a justi\u00e7a. Jos\u00e9 Ricardo amea\u00e7a Valentina e diz que acabar\u00e1 com o orfanato se qualquer um souber da verdade. Carmen aparece e interrompe a discuss\u00e3o.<\/p>\n<p>(*) edi\u00e7\u00e3o das novelas do SBT, \u201cChiquititas\u201d, sujeito a altera\u00e7\u00e3o de data e conte\u00fado.<\/p>\n","protected":false},"excerpt":{"rendered":"<p>Resumo da novela \u201cChiquititas\u201d em 01\/02: no cap\u00edtulo 149(*) da novela, Mili diz que Sofia lhe presenteou com a corrente antes de morrer e tem certeza que o objeto \u00e9 uma liga\u00e7\u00e3o entre ela e seus pais. Jos\u00e9 Ricardo entra e v\u00ea a corrente na m\u00e3o de Valentina. Mili diz que foi at\u00e9 a mans\u00e3o [&hellip;]<\/p>\n","protected":false},"author":2,"featured_media":195894,"comment_status":"closed","ping_status":"closed","sticky":false,"template":"","format":"standard","meta":{"tdm_status":"","tdm_grid_status":"","footnotes":""},"categories":[409,379,2025,372,343],"tags":[441],"class_list":{"0":"post-202971","1":"post","2":"type-post","3":"status-publish","4":"format-standard","5":"has-post-thumbnail","7":"category-chiquititas","8":"category-novelas","9":"category-resumo","10":"category-sbt","11":"category-televisao","12":"tag-resumo-do-dia"},"_links":{"self":[{"href":"https:\/\/migracao.redenoticia.com.br\/noticia\/wp-json\/wp\/v2\/posts\/202971","targetHints":{"allow":["GET"]}}],"collection":[{"href":"https:\/\/migracao.redenoticia.com.br\/noticia\/wp-json\/wp\/v2\/posts"}],"about":[{"href":"https:\/\/migracao.redenoticia.com.br\/noticia\/wp-json\/wp\/v2\/types\/post"}],"author":[{"embeddable":true,"href":"https:\/\/migracao.redenoticia.com.br\/noticia\/wp-json\/wp\/v2\/users\/2"}],"replies":[{"embeddable":true,"href":"https:\/\/migracao.redenoticia.com.br\/noticia\/wp-json\/wp\/v2\/comments?post=202971"}],"version-history":[{"count":0,"href":"https:\/\/migracao.redenoticia.com.br\/noticia\/wp-json\/wp\/v2\/posts\/202971\/revisions"}],"wp:featuredmedia":[{"embeddable":true,"href":"https:\/\/migracao.redenoticia.com.br\/noticia\/wp-json\/wp\/v2\/media\/195894"}],"wp:attachment":[{"href":"https:\/\/migracao.redenoticia.com.br\/noticia\/wp-json\/wp\/v2\/media?parent=202971"}],"wp:term":[{"taxonomy":"category","embeddable":true,"href":"https:\/\/migracao.redenoticia.com.br\/noticia\/wp-json\/wp\/v2\/categories?post=202971"},{"taxonomy":"post_tag","embeddable":true,"href":"https:\/\/migracao.redenoticia.com.br\/noticia\/wp-json\/wp\/v2\/tags?post=202971"}],"curies":[{"name":"wp","href":"https:\/\/api.w.org\/{rel}","templated":true}]}}